{"id":8652,"date":"2022-08-19T12:12:34","date_gmt":"2022-08-19T15:12:34","guid":{"rendered":"https:\/\/radiostudiow.com.br\/site\/?p=8652"},"modified":"2025-01-31T15:09:57","modified_gmt":"2025-01-31T18:09:57","slug":"pm-de-sao-mateus-do-sul-registra-furto-de-tv","status":"publish","type":"post","link":"https:\/\/radiostudiow.com.br\/site\/2022\/08\/19\/pm-de-sao-mateus-do-sul-registra-furto-de-tv\/","title":{"rendered":"PM de S\u00e3o Mateus do Sul registra furto de TV"},"content":{"rendered":"\n<figure class=\"wp-block-image size-full\"><img decoding=\"async\" src=\"https:\/\/radiostudiow.com.br\/site\/wp-content\/uploads\/2022\/07\/WRNET.jpg\" alt=\"\" class=\"wp-image-8313\"\/><\/figure>\n\n\n\n<p>Por volta das 22:00 horas desta quinta-feira, 18 de agosto, v\u00edtima de um furto compareceu ao Pelot\u00e3o da Pol\u00edcia Militar de S\u00e3o Mateus do Sul para relatar o caso que ocorreu no bairro Jo\u00e3o Betega.<\/p>\n\n\n\n<p>De acordo com a v\u00edtima, saiu da resid\u00eancia \u00e0s 21:00 horas e ao retornar em poucos minutos, constatou que sua TV, marca Sony de 43polegadas havia sumido. Relata ainda que havia deixado o port\u00e3o e janela abertos.<\/p>\n\n\n\n<p>A equipe fez patrulhamentos, mas nenhum suspeito foi localizado. A v\u00edtima foi orientada quanto aos procedimentos cab\u00edveis.<\/p>\n\n\n\n<figure class=\"wp-block-image size-full\"><img decoding=\"async\" src=\"https:\/\/radiostudiow.com.br\/site\/wp-content\/uploads\/2022\/07\/QUERO.QUERO_.jpg\" alt=\"\" class=\"wp-image-8289\"\/><\/figure>\n","protected":false},"excerpt":{"rendered":"<p>Por volta das 22:00 horas desta quinta-feira, 18 de agosto, v\u00edtima de um furto compareceu ao Pelot\u00e3o da Pol\u00edcia Militar de S\u00e3o Mateus do Sul para relatar o caso que ocorreu no bairro Jo\u00e3o Betega. De acordo com a v\u00edtima, saiu da resid\u00eancia \u00e0s 21:00 horas e ao retornar em poucos minutos, constatou que sua [&hellip;]<\/p>\n","protected":false},"author":2,"featured_media":0,"comment_status":"open","ping_status":"open","sticky":false,"template":"","format":"standard","meta":{"footnotes":""},"categories":[2],"tags":[172],"class_list":["post-8652","post","type-post","status-publish","format-standard","hentry","category-policial","tag-featured"],"amp_enabled":true,"_links":{"self":[{"href":"https:\/\/radiostudiow.com.br\/site\/wp-json\/wp\/v2\/posts\/8652","targetHints":{"allow":["GET"]}}],"collection":[{"href":"https:\/\/radiostudiow.com.br\/site\/wp-json\/wp\/v2\/posts"}],"about":[{"href":"https:\/\/radiostudiow.com.br\/site\/wp-json\/wp\/v2\/types\/post"}],"author":[{"embeddable":true,"href":"https:\/\/radiostudiow.com.br\/site\/wp-json\/wp\/v2\/users\/2"}],"replies":[{"embeddable":true,"href":"https:\/\/radiostudiow.com.br\/site\/wp-json\/wp\/v2\/comments?post=8652"}],"version-history":[{"count":1,"href":"https:\/\/radiostudiow.com.br\/site\/wp-json\/wp\/v2\/posts\/8652\/revisions"}],"predecessor-version":[{"id":8653,"href":"https:\/\/radiostudiow.com.br\/site\/wp-json\/wp\/v2\/posts\/8652\/revisions\/8653"}],"wp:attachment":[{"href":"https:\/\/radiostudiow.com.br\/site\/wp-json\/wp\/v2\/media?parent=8652"}],"wp:term":[{"taxonomy":"category","embeddable":true,"href":"https:\/\/radiostudiow.com.br\/site\/wp-json\/wp\/v2\/categories?post=8652"},{"taxonomy":"post_tag","embeddable":true,"href":"https:\/\/radiostudiow.com.br\/site\/wp-json\/wp\/v2\/tags?post=8652"}],"curies":[{"name":"wp","href":"https:\/\/api.w.org\/{rel}","templated":true}]}}