{"id":8660,"date":"2022-08-20T11:18:39","date_gmt":"2022-08-20T14:18:39","guid":{"rendered":"https:\/\/radiostudiow.com.br\/site\/?p=8660"},"modified":"2025-01-31T15:09:57","modified_gmt":"2025-01-31T18:09:57","slug":"duas-jovens-perdem-a-vida-em-acidente-na-rodovia-do-xisto","status":"publish","type":"post","link":"https:\/\/radiostudiow.com.br\/site\/2022\/08\/20\/duas-jovens-perdem-a-vida-em-acidente-na-rodovia-do-xisto\/","title":{"rendered":"Duas jovens perdem a vida em acidente na Rodovia do Xisto"},"content":{"rendered":"\n<figure class=\"wp-block-image size-full\"><img decoding=\"async\" src=\"https:\/\/radiostudiow.com.br\/site\/wp-content\/uploads\/2022\/07\/BAHNIUK.jpg\" alt=\"\" class=\"wp-image-8307\"\/><\/figure>\n\n\n\n<p>Um acidente tr\u00e1gico foi registrado na br-476 entre as cidades Contenda e Arauc\u00e1ria, onde duas jovens perdem a vida na noite desta sexta-feira (19). As jovens estavam em uma pick-up, a qual capotou no km-173 da rodovia ap\u00f3s sair da pista e cair em uma ribanceira.<\/p>\n\n\n\n<figure class=\"wp-block-image size-full\"><img loading=\"lazy\" decoding=\"async\" width=\"537\" height=\"375\" src=\"https:\/\/radiostudiow.com.br\/site\/wp-content\/uploads\/2022\/08\/IMG-20220820-WA0014.jpg\" alt=\"\" class=\"wp-image-8661\" srcset=\"https:\/\/radiostudiow.com.br\/site\/wp-content\/uploads\/2022\/08\/IMG-20220820-WA0014.jpg 537w, https:\/\/radiostudiow.com.br\/site\/wp-content\/uploads\/2022\/08\/IMG-20220820-WA0014-300x209.jpg 300w\" sizes=\"auto, (max-width: 537px) 100vw, 537px\" \/><\/figure>\n\n\n\n<p>Equipes de Socorro foram acionadas e no local prestaram atendimento a um rapaz de 26 anos com ferimentos e para Gabrielly Sobota 22 anos e Pamela Sitnek 19 anos, as quais n\u00e3o resistiram aos ferimentos e morreram no local.<\/p>\n\n\n\n<p>A Pol\u00edcia Rodovi\u00e1ria Federal juntamente com Instituto de Criminal\u00edstica iram apurar as causas do acidente, corpos recolhidos ao IML de Curitiba.<\/p>\n\n\n\n<figure class=\"wp-block-image size-full\"><img decoding=\"async\" src=\"https:\/\/radiostudiow.com.br\/site\/wp-content\/uploads\/2022\/08\/image.png\" alt=\"\" class=\"wp-image-8498\"\/><\/figure>\n\n\n\n<p>Horas antes do acidente P\u00e2mela comemorava o anivers\u00e1rio de 19 anos com amigos e Gabrielly estava na comemora\u00e7\u00e3o. As duas s\u00e3o moradoras de Contenda.<\/p>\n\n\n\n<figure class=\"wp-block-image size-large\"><img decoding=\"async\" src=\"https:\/\/radiostudiow.com.br\/site\/wp-content\/uploads\/2022\/08\/IMG-20220820-WA0013-1024x863.jpg\" alt=\"\" class=\"wp-image-8662\"\/><\/figure>\n\n\n\n<p>Fonte e Fotos: Plant\u00e3o 190 \/ <a href=\"https:\/\/clicsulnews.com.br\/\" data-type=\"URL\" data-id=\"https:\/\/clicsulnews.com.br\/\">Clic Sul News.com.br<\/a><\/p>\n","protected":false},"excerpt":{"rendered":"<p>Um acidente tr\u00e1gico foi registrado na br-476 entre as cidades Contenda e Arauc\u00e1ria, onde duas jovens perdem a vida na noite desta sexta-feira (19). As jovens estavam em uma pick-up, a qual capotou no km-173 da rodovia ap\u00f3s sair da pista e cair em uma ribanceira. Equipes de Socorro foram acionadas e no local prestaram [&hellip;]<\/p>\n","protected":false},"author":2,"featured_media":8663,"comment_status":"open","ping_status":"open","sticky":false,"template":"","format":"standard","meta":{"footnotes":""},"categories":[2],"tags":[172],"class_list":["post-8660","post","type-post","status-publish","format-standard","has-post-thumbnail","hentry","category-policial","tag-featured"],"amp_enabled":true,"_links":{"self":[{"href":"https:\/\/radiostudiow.com.br\/site\/wp-json\/wp\/v2\/posts\/8660","targetHints":{"allow":["GET"]}}],"collection":[{"href":"https:\/\/radiostudiow.com.br\/site\/wp-json\/wp\/v2\/posts"}],"about":[{"href":"https:\/\/radiostudiow.com.br\/site\/wp-json\/wp\/v2\/types\/post"}],"author":[{"embeddable":true,"href":"https:\/\/radiostudiow.com.br\/site\/wp-json\/wp\/v2\/users\/2"}],"replies":[{"embeddable":true,"href":"https:\/\/radiostudiow.com.br\/site\/wp-json\/wp\/v2\/comments?post=8660"}],"version-history":[{"count":1,"href":"https:\/\/radiostudiow.com.br\/site\/wp-json\/wp\/v2\/posts\/8660\/revisions"}],"predecessor-version":[{"id":8664,"href":"https:\/\/radiostudiow.com.br\/site\/wp-json\/wp\/v2\/posts\/8660\/revisions\/8664"}],"wp:featuredmedia":[{"embeddable":true,"href":"https:\/\/radiostudiow.com.br\/site\/wp-json\/wp\/v2\/media\/8663"}],"wp:attachment":[{"href":"https:\/\/radiostudiow.com.br\/site\/wp-json\/wp\/v2\/media?parent=8660"}],"wp:term":[{"taxonomy":"category","embeddable":true,"href":"https:\/\/radiostudiow.com.br\/site\/wp-json\/wp\/v2\/categories?post=8660"},{"taxonomy":"post_tag","embeddable":true,"href":"https:\/\/radiostudiow.com.br\/site\/wp-json\/wp\/v2\/tags?post=8660"}],"curies":[{"name":"wp","href":"https:\/\/api.w.org\/{rel}","templated":true}]}}