{"id":8665,"date":"2022-08-20T12:48:21","date_gmt":"2022-08-20T15:48:21","guid":{"rendered":"https:\/\/radiostudiow.com.br\/site\/?p=8665"},"modified":"2025-01-31T15:09:57","modified_gmt":"2025-01-31T18:09:57","slug":"fechamento-do-posto-da-prf-de-sao-mateus-do-sul-contribui-para-aumento-nos-casos-de-saque-de-carga-na-regiao","status":"publish","type":"post","link":"https:\/\/radiostudiow.com.br\/site\/2022\/08\/20\/fechamento-do-posto-da-prf-de-sao-mateus-do-sul-contribui-para-aumento-nos-casos-de-saque-de-carga-na-regiao\/","title":{"rendered":"Fechamento do posto da PRF de S\u00e3o Mateus do Sul contribui para aumento nos casos de saque de carga na regi\u00e3o"},"content":{"rendered":"\n<p>Desde que o posto da Pol\u00edcia Rodovi\u00e1ria Federal (PRF) de S\u00e3o Mateus do Sul passou a atuar como ponto de apoio, a regi\u00e3o Sul do Paran\u00e1 t\u00eam sido afetada em diversas situa\u00e7\u00f5es, como demora em atendimento em acidentes e falta de efetivo.<\/p>\n\n\n\n<figure class=\"wp-block-image size-full\"><img decoding=\"async\" src=\"https:\/\/radiostudiow.com.br\/site\/wp-content\/uploads\/2022\/06\/SICREDI.jpg\" alt=\"\" class=\"wp-image-7695\"\/><\/figure>\n\n\n\n<p>A demora para atendimento em acidentes, ou at\u00e9 mesmo em situa\u00e7\u00f5es em que a PRF n\u00e3o prestou atendimento e a dificuldade de motoristas que foram multados em tentar regularizar a situa\u00e7\u00e3o, s\u00e3o alguns exemplos.<\/p>\n\n\n\n<p>Nesta sexta-feira, 19 de agosto, outro problema causado pelo fechamento do posto: o aumento de casos de saque de carga, especialmente na regi\u00e3o da BR-153 em General Carneiro.<\/p>\n\n\n\n<p>Informa\u00e7\u00f5es levantadas pelo site mostram a sobrecarga para o posto da PRF de Porto Vit\u00f3ria, localizado na BR-153 entre General Carneiro e Uni\u00e3o da Vit\u00f3ria, sendo o \u00fanico posto ativo na regi\u00e3o e que est\u00e1 respons\u00e1vel por quase 300 quil\u00f4metros de rodovia, na regi\u00e3o do Trevo do Horizonete, na BR-153 em General Carneiro at\u00e9 a regi\u00e3o de Mallet, na BR-153, e da Lapa, na BR-476.<\/p>\n\n\n\n<figure class=\"wp-block-image size-full\"><img decoding=\"async\" src=\"https:\/\/radiostudiow.com.br\/site\/wp-content\/uploads\/2022\/07\/WRNET.jpg\" alt=\"\" class=\"wp-image-8313\"\/><\/figure>\n\n\n\n<p>Segundo o Canal 4 TV, a responsabilidade ficou acarretada para apenas dois policiais rodovi\u00e1rios federais, que precisam se redobrar para atender as in\u00fameras situa\u00e7\u00f5es em que ocorrem nas rodovias, as quais recebem um intenso tr\u00e2nsito diariamente.<\/p>\n\n\n\n<p>Com o trabalho redobrado e uma maior quilometragem para percorrer, a PRF n\u00e3o est\u00e1 conseguindo prestar atendimento em todas as situa\u00e7\u00f5es e muitas vezes, acidentes ficam horas sem atendimento. Sem presen\u00e7a policial, o saque de cargas ficou facilitado na regi\u00e3o e nos \u00faltimos dias houve um aumento nestes casos.<\/p>\n\n\n\n<p>Al\u00e9m de contribuir com o saque de cargas, o n\u00famero de a\u00e7\u00f5es de abordagem tamb\u00e9m diminuiu, uma vez que, \u00e9 necess\u00e1rio prestar atendimento \u00e0 todos os quase 300 quil\u00f4metros de rodovia, o que se torna uma tarefa \u00e1rdua para o pouco efetivo di\u00e1rio.<\/p>\n\n\n\n<figure class=\"wp-block-image size-full is-style-default\"><img decoding=\"async\" src=\"https:\/\/radiostudiow.com.br\/site\/wp-content\/uploads\/2022\/07\/AFUBRE-IRATI.jpg\" alt=\"\" class=\"wp-image-7992\"\/><\/figure>\n","protected":false},"excerpt":{"rendered":"<p>Desde que o posto da Pol\u00edcia Rodovi\u00e1ria Federal (PRF) de S\u00e3o Mateus do Sul passou a atuar como ponto de apoio, a regi\u00e3o Sul do Paran\u00e1 t\u00eam sido afetada em diversas situa\u00e7\u00f5es, como demora em atendimento em acidentes e falta de efetivo. A demora para atendimento em acidentes, ou at\u00e9 mesmo em situa\u00e7\u00f5es em que [&hellip;]<\/p>\n","protected":false},"author":2,"featured_media":0,"comment_status":"open","ping_status":"open","sticky":false,"template":"","format":"standard","meta":{"footnotes":""},"categories":[2],"tags":[172],"class_list":["post-8665","post","type-post","status-publish","format-standard","hentry","category-policial","tag-featured"],"amp_enabled":true,"_links":{"self":[{"href":"https:\/\/radiostudiow.com.br\/site\/wp-json\/wp\/v2\/posts\/8665","targetHints":{"allow":["GET"]}}],"collection":[{"href":"https:\/\/radiostudiow.com.br\/site\/wp-json\/wp\/v2\/posts"}],"about":[{"href":"https:\/\/radiostudiow.com.br\/site\/wp-json\/wp\/v2\/types\/post"}],"author":[{"embeddable":true,"href":"https:\/\/radiostudiow.com.br\/site\/wp-json\/wp\/v2\/users\/2"}],"replies":[{"embeddable":true,"href":"https:\/\/radiostudiow.com.br\/site\/wp-json\/wp\/v2\/comments?post=8665"}],"version-history":[{"count":1,"href":"https:\/\/radiostudiow.com.br\/site\/wp-json\/wp\/v2\/posts\/8665\/revisions"}],"predecessor-version":[{"id":8667,"href":"https:\/\/radiostudiow.com.br\/site\/wp-json\/wp\/v2\/posts\/8665\/revisions\/8667"}],"wp:attachment":[{"href":"https:\/\/radiostudiow.com.br\/site\/wp-json\/wp\/v2\/media?parent=8665"}],"wp:term":[{"taxonomy":"category","embeddable":true,"href":"https:\/\/radiostudiow.com.br\/site\/wp-json\/wp\/v2\/categories?post=8665"},{"taxonomy":"post_tag","embeddable":true,"href":"https:\/\/radiostudiow.com.br\/site\/wp-json\/wp\/v2\/tags?post=8665"}],"curies":[{"name":"wp","href":"https:\/\/api.w.org\/{rel}","templated":true}]}}