{"id":8669,"date":"2022-08-22T11:35:51","date_gmt":"2022-08-22T14:35:51","guid":{"rendered":"https:\/\/radiostudiow.com.br\/site\/?p=8669"},"modified":"2025-01-31T15:09:57","modified_gmt":"2025-01-31T18:09:57","slug":"grave-acidente-tira-a-vida-de-jovem-em-sao-mateus-do-sul","status":"publish","type":"post","link":"https:\/\/radiostudiow.com.br\/site\/2022\/08\/22\/grave-acidente-tira-a-vida-de-jovem-em-sao-mateus-do-sul\/","title":{"rendered":"Grave acidente tira a vida de jovem em S\u00e3o Mateus do Sul"},"content":{"rendered":"\n<p>O Corpo de Bombeiros juntamente com a equipe do Samu foram acionados por volta de 23:10 horas desse s\u00e1bado, 20 de agosto, para atender um acidente grav\u00edssimo envolvendo dois ve\u00edculos na PR-151, na regi\u00e3o do Lageado em S\u00e3o Mateus do Sul. O qual vitimou, Cicero Chruschlski Rodrigues de 27 anos.<\/p>\n\n\n\n<figure class=\"wp-block-image size-full\"><img decoding=\"async\" src=\"https:\/\/radiostudiow.com.br\/site\/wp-content\/uploads\/2022\/07\/BAHNIUK.jpg\" alt=\"\" class=\"wp-image-8307\"\/><\/figure>\n\n\n\n<p>Segundo informa\u00e7\u00f5es, o ve\u00edculo VW\/Gol vinha no sentido S\u00e3o Mateus do Sul e o Fiat\/Palio seguia no sentido Tr\u00eas Barras, quando em uma curva pr\u00f3xima ao Comercial Sampaio o Palio rodou na pista e colidiu com o Gol.<\/p>\n\n\n\n<p>No local, foi prestado atendimento a um homem e uma mulher que estavam no Palio, sendo socorridos e encaminhados ao Pronto Atendimento Municipal. J\u00e1 no Gol estava o rapaz de 27 anos, que foi levado em estado grave ao Pronto Atendimento Municipal pelo Siate, por\u00e9m ao dar entrada acabou n\u00e3o resistindo.<\/p>\n\n\n\n<p>O corpo foi encaminhado ao Instituto M\u00e9dico Legal (IML) de Uni\u00e3o da Vit\u00f3ria, j\u00e1 liberado, foi trasladado para S\u00e3o Mateus do Sul e est\u00e1 sendo velado na resid\u00eancia de sua m\u00e3e L\u00facia na localidade do Porto Ribeiro. Sepultamento segunda-feira (22), ap\u00f3s missa \u00e0s 9h, seguindo logo ap\u00f3s ao cemit\u00e9rio da Divisa.<a rel=\"noreferrer noopener\" href=\"https:\/\/portalrdx.com.br\/#facebook\" target=\"_blank\"><\/a><\/p>\n\n\n\n<figure class=\"wp-block-image size-full\"><img decoding=\"async\" src=\"https:\/\/radiostudiow.com.br\/site\/wp-content\/uploads\/2022\/08\/PRECO-GASOLINA-1.jpg\" alt=\"\" class=\"wp-image-8671\"\/><\/figure>\n\n\n\n<figure class=\"wp-block-image size-full\"><img decoding=\"async\" src=\"https:\/\/radiostudiow.com.br\/site\/wp-content\/uploads\/2022\/08\/image.png\" alt=\"\" class=\"wp-image-8498\"\/><\/figure>\n\n\n\n<p>Segundo informa\u00e7\u00f5es, o ve\u00edculo VW\/Gol vinha no sentido S\u00e3o Mateus do Sul e o Fiat\/Palio seguia no sentido Tr\u00eas Barras, quando em uma curva pr\u00f3xima ao Comercial Sampaio o Palio rodou na pista e colidiu com o Gol.<\/p>\n\n\n\n<p>No local, foi prestado atendimento a um homem e uma mulher que estavam no Palio, sendo socorridos e encaminhados ao Pronto Atendimento Municipal. J\u00e1 no Gol estava o rapaz de 27 anos, que foi levado em estado grave ao Pronto Atendimento Municipal pelo Siate, por\u00e9m ao dar entrada acabou n\u00e3o resistindo.<\/p>\n\n\n\n<p>O corpo foi encaminhado ao Instituto M\u00e9dico Legal (IML) de Uni\u00e3o da Vit\u00f3ria, j\u00e1 liberado, foi trasladado para S\u00e3o Mateus do Sul.<\/p>\n\n\n\n<figure class=\"wp-block-image size-full\"><img decoding=\"async\" src=\"https:\/\/radiostudiow.com.br\/site\/wp-content\/uploads\/2022\/08\/PRECO-GASOLINA-2.jpg\" alt=\"\" class=\"wp-image-8672\"\/><\/figure>\n\n\n\n<p>A equipe do Corpo de Bombeiros encontrou ind\u00edcios de que uma colis\u00e3o teria ocorrido antes do Palio rodar, o que ainda ser\u00e1 investigado por parte da equipe da Pol\u00edcia Rodovi\u00e1ria Estadual (PRE).<\/p>\n\n\n\n<p>A Policial Rodovi\u00e1ria Estadual de S\u00e3o Mateus do Sul foi acionada, no entanto, houve demora para atender a ocorr\u00eancia, devido ao fato de, o Posto Rodovi\u00e1rio de S\u00e3o Mateus do Sul estar operando at\u00e9 \u00e0s 20h. Uma equipe de Uni\u00e3o da Vit\u00f3ria foi acionada para atender o acidente.<\/p>\n\n\n\n<figure class=\"wp-block-image size-full\"><img decoding=\"async\" src=\"https:\/\/radiostudiow.com.br\/site\/wp-content\/uploads\/2022\/07\/IMOB-SUL.jpg\" alt=\"\" class=\"wp-image-8292\"\/><\/figure>\n","protected":false},"excerpt":{"rendered":"<p>O Corpo de Bombeiros juntamente com a equipe do Samu foram acionados por volta de 23:10 horas desse s\u00e1bado, 20 de agosto, para atender um acidente grav\u00edssimo envolvendo dois ve\u00edculos na PR-151, na regi\u00e3o do Lageado em S\u00e3o Mateus do Sul. O qual vitimou, Cicero Chruschlski Rodrigues de 27 anos. Segundo informa\u00e7\u00f5es, o ve\u00edculo VW\/Gol [&hellip;]<\/p>\n","protected":false},"author":2,"featured_media":0,"comment_status":"open","ping_status":"open","sticky":false,"template":"","format":"standard","meta":{"footnotes":""},"categories":[2],"tags":[172],"class_list":["post-8669","post","type-post","status-publish","format-standard","hentry","category-policial","tag-featured"],"amp_enabled":true,"_links":{"self":[{"href":"https:\/\/radiostudiow.com.br\/site\/wp-json\/wp\/v2\/posts\/8669","targetHints":{"allow":["GET"]}}],"collection":[{"href":"https:\/\/radiostudiow.com.br\/site\/wp-json\/wp\/v2\/posts"}],"about":[{"href":"https:\/\/radiostudiow.com.br\/site\/wp-json\/wp\/v2\/types\/post"}],"author":[{"embeddable":true,"href":"https:\/\/radiostudiow.com.br\/site\/wp-json\/wp\/v2\/users\/2"}],"replies":[{"embeddable":true,"href":"https:\/\/radiostudiow.com.br\/site\/wp-json\/wp\/v2\/comments?post=8669"}],"version-history":[{"count":1,"href":"https:\/\/radiostudiow.com.br\/site\/wp-json\/wp\/v2\/posts\/8669\/revisions"}],"predecessor-version":[{"id":8673,"href":"https:\/\/radiostudiow.com.br\/site\/wp-json\/wp\/v2\/posts\/8669\/revisions\/8673"}],"wp:attachment":[{"href":"https:\/\/radiostudiow.com.br\/site\/wp-json\/wp\/v2\/media?parent=8669"}],"wp:term":[{"taxonomy":"category","embeddable":true,"href":"https:\/\/radiostudiow.com.br\/site\/wp-json\/wp\/v2\/categories?post=8669"},{"taxonomy":"post_tag","embeddable":true,"href":"https:\/\/radiostudiow.com.br\/site\/wp-json\/wp\/v2\/tags?post=8669"}],"curies":[{"name":"wp","href":"https:\/\/api.w.org\/{rel}","templated":true}]}}