{"id":8674,"date":"2022-08-22T11:53:18","date_gmt":"2022-08-22T14:53:18","guid":{"rendered":"https:\/\/radiostudiow.com.br\/site\/?p=8674"},"modified":"2025-01-31T15:09:57","modified_gmt":"2025-01-31T18:09:57","slug":"jovens-sao-presos-em-irati-apos-serem-pegos-em-flagrante-transportando-14-quilos-de-drogas","status":"publish","type":"post","link":"https:\/\/radiostudiow.com.br\/site\/2022\/08\/22\/jovens-sao-presos-em-irati-apos-serem-pegos-em-flagrante-transportando-14-quilos-de-drogas\/","title":{"rendered":"Jovens s\u00e3o presos em Irati\u00a0ap\u00f3s serem pegos em flagrante transportando 14 quilos de drogas"},"content":{"rendered":"\n<p>A Pol\u00edcia Rodovi\u00e1ria Federal (PRF) apreendeu 106 quilos de maconha e oito quilos de skunk na BR-277, em Irati, na tarde de s\u00e1bado (20).<\/p>\n\n\n\n<p>Os entorpecentes foram encontrados no banco traseiro e no porta-malas de um ve\u00edculo Gol, com placas de Santa Helena\/PR, que n\u00e3o obedeceu uma ordem de parada durante fiscaliza\u00e7\u00e3o de tr\u00e2nsito. O condutor foi perseguido por aproximadamente cinco quil\u00f4metros at\u00e9 ser interceptado.\u00a0<\/p>\n\n\n\n<p>O condutor e o passageiro, de 22 e 24 anos, respectivamente, foram presos e encaminhados para a Delegacia de Irati. Os jovens n\u00e3o disseram onde pegaram e qual era o destino das drogas.<\/p>\n\n\n\n<p>Os entorpecentes e o ve\u00edculo tamb\u00e9m foram conduzidos para a Delegacia.\u00a0<\/p>\n\n\n\n<figure class=\"wp-block-image size-full\"><img decoding=\"async\" src=\"https:\/\/radiostudiow.com.br\/site\/wp-content\/uploads\/2022\/06\/SICREDI.jpg\" alt=\"\" class=\"wp-image-7695\"\/><\/figure>\n","protected":false},"excerpt":{"rendered":"<p>A Pol\u00edcia Rodovi\u00e1ria Federal (PRF) apreendeu 106 quilos de maconha e oito quilos de skunk na BR-277, em Irati, na tarde de s\u00e1bado (20). Os entorpecentes foram encontrados no banco traseiro e no porta-malas de um ve\u00edculo Gol, com placas de Santa Helena\/PR, que n\u00e3o obedeceu uma ordem de parada durante fiscaliza\u00e7\u00e3o de tr\u00e2nsito. O [&hellip;]<\/p>\n","protected":false},"author":2,"featured_media":0,"comment_status":"open","ping_status":"open","sticky":false,"template":"","format":"standard","meta":{"footnotes":""},"categories":[2],"tags":[172],"class_list":["post-8674","post","type-post","status-publish","format-standard","hentry","category-policial","tag-featured"],"amp_enabled":true,"_links":{"self":[{"href":"https:\/\/radiostudiow.com.br\/site\/wp-json\/wp\/v2\/posts\/8674","targetHints":{"allow":["GET"]}}],"collection":[{"href":"https:\/\/radiostudiow.com.br\/site\/wp-json\/wp\/v2\/posts"}],"about":[{"href":"https:\/\/radiostudiow.com.br\/site\/wp-json\/wp\/v2\/types\/post"}],"author":[{"embeddable":true,"href":"https:\/\/radiostudiow.com.br\/site\/wp-json\/wp\/v2\/users\/2"}],"replies":[{"embeddable":true,"href":"https:\/\/radiostudiow.com.br\/site\/wp-json\/wp\/v2\/comments?post=8674"}],"version-history":[{"count":1,"href":"https:\/\/radiostudiow.com.br\/site\/wp-json\/wp\/v2\/posts\/8674\/revisions"}],"predecessor-version":[{"id":8676,"href":"https:\/\/radiostudiow.com.br\/site\/wp-json\/wp\/v2\/posts\/8674\/revisions\/8676"}],"wp:attachment":[{"href":"https:\/\/radiostudiow.com.br\/site\/wp-json\/wp\/v2\/media?parent=8674"}],"wp:term":[{"taxonomy":"category","embeddable":true,"href":"https:\/\/radiostudiow.com.br\/site\/wp-json\/wp\/v2\/categories?post=8674"},{"taxonomy":"post_tag","embeddable":true,"href":"https:\/\/radiostudiow.com.br\/site\/wp-json\/wp\/v2\/tags?post=8674"}],"curies":[{"name":"wp","href":"https:\/\/api.w.org\/{rel}","templated":true}]}}