{"id":8677,"date":"2022-08-22T17:04:26","date_gmt":"2022-08-22T20:04:26","guid":{"rendered":"https:\/\/radiostudiow.com.br\/site\/?p=8677"},"modified":"2025-01-31T15:09:57","modified_gmt":"2025-01-31T18:09:57","slug":"pm-de-mallet-registra-furto-em-localidade-rural","status":"publish","type":"post","link":"https:\/\/radiostudiow.com.br\/site\/2022\/08\/22\/pm-de-mallet-registra-furto-em-localidade-rural\/","title":{"rendered":"PM DE MALLET REGISTRA FURTO EM LOCALIDADE RURAL"},"content":{"rendered":"\n<figure class=\"wp-block-image size-full\"><img decoding=\"async\" src=\"https:\/\/radiostudiow.com.br\/site\/wp-content\/uploads\/2022\/06\/vem_ai.jpg\" alt=\"\" class=\"wp-image-7789\"\/><\/figure>\n\n\n\n<p>A Pol\u00edcia Militar de Mallet foi acionada para atender uma situa\u00e7\u00e3o de furto em uma localidade do Vicinal Seteno, as margens da BR-153, por volta das 09:40 horas desse s\u00e1bado (20).<\/p>\n\n\n\n<p>No local a vitima passou a relatar aos policiais que se ausentou de sua propriedade e ao retornar encontrou sua propriedade violada e seu barrac\u00e3o arrombado.<\/p>\n\n\n\n<p>O solicitante levou um distribuidor (equipamento agr\u00edcola usado para semear fertilizantes e\/ou sementes) da marca JAN, modelo lancer 1200 de cor vermelha e branca, uma caixa de ferramentas met\u00e1lica de cor azul com o s\u00edmbolo da comatol na parte de cima (cheia de ferramentas diversas), um soprador de ar da marca sthil modelo brg450, tr\u00eas baldes de tinta de18 litros na cor branca, da marca e cotex e uma lona de cor azul.<\/p>\n\n\n\n<p>Realizado patrulhamento e feito buscas nas imedia\u00e7\u00f5es, por\u00e9m, nenhum suspeito foi localizado.<\/p>\n\n\n\n<figure class=\"wp-block-image size-full\"><img decoding=\"async\" src=\"https:\/\/radiostudiow.com.br\/site\/wp-content\/uploads\/2022\/07\/image.png\" alt=\"\" class=\"wp-image-8317\"\/><\/figure>\n","protected":false},"excerpt":{"rendered":"<p>A Pol\u00edcia Militar de Mallet foi acionada para atender uma situa\u00e7\u00e3o de furto em uma localidade do Vicinal Seteno, as margens da BR-153, por volta das 09:40 horas desse s\u00e1bado (20). No local a vitima passou a relatar aos policiais que se ausentou de sua propriedade e ao retornar encontrou sua propriedade violada e seu [&hellip;]<\/p>\n","protected":false},"author":2,"featured_media":7537,"comment_status":"open","ping_status":"open","sticky":false,"template":"","format":"standard","meta":{"footnotes":""},"categories":[2],"tags":[172],"class_list":["post-8677","post","type-post","status-publish","format-standard","has-post-thumbnail","hentry","category-policial","tag-featured"],"amp_enabled":true,"_links":{"self":[{"href":"https:\/\/radiostudiow.com.br\/site\/wp-json\/wp\/v2\/posts\/8677","targetHints":{"allow":["GET"]}}],"collection":[{"href":"https:\/\/radiostudiow.com.br\/site\/wp-json\/wp\/v2\/posts"}],"about":[{"href":"https:\/\/radiostudiow.com.br\/site\/wp-json\/wp\/v2\/types\/post"}],"author":[{"embeddable":true,"href":"https:\/\/radiostudiow.com.br\/site\/wp-json\/wp\/v2\/users\/2"}],"replies":[{"embeddable":true,"href":"https:\/\/radiostudiow.com.br\/site\/wp-json\/wp\/v2\/comments?post=8677"}],"version-history":[{"count":1,"href":"https:\/\/radiostudiow.com.br\/site\/wp-json\/wp\/v2\/posts\/8677\/revisions"}],"predecessor-version":[{"id":8678,"href":"https:\/\/radiostudiow.com.br\/site\/wp-json\/wp\/v2\/posts\/8677\/revisions\/8678"}],"wp:featuredmedia":[{"embeddable":true,"href":"https:\/\/radiostudiow.com.br\/site\/wp-json\/wp\/v2\/media\/7537"}],"wp:attachment":[{"href":"https:\/\/radiostudiow.com.br\/site\/wp-json\/wp\/v2\/media?parent=8677"}],"wp:term":[{"taxonomy":"category","embeddable":true,"href":"https:\/\/radiostudiow.com.br\/site\/wp-json\/wp\/v2\/categories?post=8677"},{"taxonomy":"post_tag","embeddable":true,"href":"https:\/\/radiostudiow.com.br\/site\/wp-json\/wp\/v2\/tags?post=8677"}],"curies":[{"name":"wp","href":"https:\/\/api.w.org\/{rel}","templated":true}]}}