{"id":8679,"date":"2022-08-22T17:57:20","date_gmt":"2022-08-22T20:57:20","guid":{"rendered":"https:\/\/radiostudiow.com.br\/site\/?p=8679"},"modified":"2025-01-31T15:09:57","modified_gmt":"2025-01-31T18:09:57","slug":"carro-de-taxista-e-recuperado-horas-apos-roubo-em-rapida-acao-da-policia-militar-de-sao-mateus-do-sul","status":"publish","type":"post","link":"https:\/\/radiostudiow.com.br\/site\/2022\/08\/22\/carro-de-taxista-e-recuperado-horas-apos-roubo-em-rapida-acao-da-policia-militar-de-sao-mateus-do-sul\/","title":{"rendered":"CARRO DE TAXISTA \u00c9 RECUPERADO HORAS AP\u00d3S ROUBO EM R\u00c1PIDA A\u00c7\u00c3O DA POL\u00cdCIA MILITAR DE S\u00c3O MATEUS DO SUL"},"content":{"rendered":"\n<figure class=\"wp-block-image size-full\"><img decoding=\"async\" src=\"https:\/\/radiostudiow.com.br\/site\/wp-content\/uploads\/2022\/07\/CAFE.jpg\" alt=\"\" class=\"wp-image-8288\"\/><\/figure>\n\n\n\n<p>Um taxista de S\u00e3o Mateus do Sul foi assaltado na manha de hoje segunda-feira, 22 de agosto, ele foi feito de ref\u00e9m e teve o carro levado pelo assaltante.<\/p>\n\n\n\n<p>A v\u00edtima conseguiu ligar para a fam\u00edlia e disse que estaria na beira da estrada pro lado de Uni\u00e3o da Vit\u00f3ria. A a\u00e7\u00e3o r\u00e1pida das equipes Rotam e RPA da Pol\u00edcia Militar de S\u00e3o Mateus do Sul recuperaram o ve\u00edculo do taxista, T-Croos Branco, placa Mercosul, que foi tomado em assalto.<\/p>\n\n\n\n<p>Segundo informa\u00e7\u00f5es as equipes estavam procurando o carro, quando na regi\u00e3o do Potinga, BR-476 os policiais visualizaram o carro. Foi realizado acompanhamento t\u00e1tico, e logrado \u00eaxito em o abordar pr\u00f3ximo ao restaurante dalas.<\/p>\n\n\n\n<p>O ve\u00edculo foi recuperado e o assaltante preso.<\/p>\n\n\n\n<figure class=\"wp-block-image size-full\"><img decoding=\"async\" src=\"https:\/\/radiostudiow.com.br\/site\/wp-content\/uploads\/2022\/05\/SEPAC.jpg\" alt=\"\" class=\"wp-image-7600\"\/><\/figure>\n","protected":false},"excerpt":{"rendered":"<p>Um taxista de S\u00e3o Mateus do Sul foi assaltado na manha de hoje segunda-feira, 22 de agosto, ele foi feito de ref\u00e9m e teve o carro levado pelo assaltante. A v\u00edtima conseguiu ligar para a fam\u00edlia e disse que estaria na beira da estrada pro lado de Uni\u00e3o da Vit\u00f3ria. A a\u00e7\u00e3o r\u00e1pida das equipes [&hellip;]<\/p>\n","protected":false},"author":2,"featured_media":0,"comment_status":"open","ping_status":"open","sticky":false,"template":"","format":"standard","meta":{"footnotes":""},"categories":[2],"tags":[172],"class_list":["post-8679","post","type-post","status-publish","format-standard","hentry","category-policial","tag-featured"],"amp_enabled":true,"_links":{"self":[{"href":"https:\/\/radiostudiow.com.br\/site\/wp-json\/wp\/v2\/posts\/8679","targetHints":{"allow":["GET"]}}],"collection":[{"href":"https:\/\/radiostudiow.com.br\/site\/wp-json\/wp\/v2\/posts"}],"about":[{"href":"https:\/\/radiostudiow.com.br\/site\/wp-json\/wp\/v2\/types\/post"}],"author":[{"embeddable":true,"href":"https:\/\/radiostudiow.com.br\/site\/wp-json\/wp\/v2\/users\/2"}],"replies":[{"embeddable":true,"href":"https:\/\/radiostudiow.com.br\/site\/wp-json\/wp\/v2\/comments?post=8679"}],"version-history":[{"count":1,"href":"https:\/\/radiostudiow.com.br\/site\/wp-json\/wp\/v2\/posts\/8679\/revisions"}],"predecessor-version":[{"id":8681,"href":"https:\/\/radiostudiow.com.br\/site\/wp-json\/wp\/v2\/posts\/8679\/revisions\/8681"}],"wp:attachment":[{"href":"https:\/\/radiostudiow.com.br\/site\/wp-json\/wp\/v2\/media?parent=8679"}],"wp:term":[{"taxonomy":"category","embeddable":true,"href":"https:\/\/radiostudiow.com.br\/site\/wp-json\/wp\/v2\/categories?post=8679"},{"taxonomy":"post_tag","embeddable":true,"href":"https:\/\/radiostudiow.com.br\/site\/wp-json\/wp\/v2\/tags?post=8679"}],"curies":[{"name":"wp","href":"https:\/\/api.w.org\/{rel}","templated":true}]}}