{"id":8683,"date":"2022-08-23T17:04:03","date_gmt":"2022-08-23T20:04:03","guid":{"rendered":"https:\/\/radiostudiow.com.br\/site\/?p=8683"},"modified":"2025-01-31T15:09:57","modified_gmt":"2025-01-31T18:09:57","slug":"pm-de-paulo-frontin-registra-dano-de-aproximadamente-de-r-5-00000-em-lavoura","status":"publish","type":"post","link":"https:\/\/radiostudiow.com.br\/site\/2022\/08\/23\/pm-de-paulo-frontin-registra-dano-de-aproximadamente-de-r-5-00000-em-lavoura\/","title":{"rendered":"PM de Paulo Frontin registra dano de aproximadamente de R$ 5.000,00 em lavoura"},"content":{"rendered":"\n<figure class=\"wp-block-image size-full\"><img decoding=\"async\" src=\"https:\/\/radiostudiow.com.br\/site\/wp-content\/uploads\/2022\/08\/image.png\" alt=\"\" class=\"wp-image-8498\"\/><\/figure>\n\n\n\n<p>A equipe da Pol\u00edcia Militar de Paulo Frontin atendeu uma ocorr\u00eancia de danos com um preju\u00edzo de aproximadamente de R$ 5.000,00 (cinco mil reais).<\/p>\n\n\n\n<p>A situa\u00e7\u00e3o foi registrada por volta das 09:00 horas dessa segunda-feira, 22 de agosto, na localidade da Col\u00f4nia Bugre.<\/p>\n\n\n\n<p>Um homem compareceu ao Pelot\u00e3o da PM e passou a relatar que no dia, 21 de agosto, constatou que cavalos danificaram a lavoura em um terreno arrendado, o qual o solicitante \u00e9 propriet\u00e1rio, causando um dano com preju\u00edzo de aproximadamente cinco mil reais.<\/p>\n\n\n\n<p>De acordo com a v\u00edtima, os cavalos foram soltos por pessoa conhecida, o qual estaria soltando os cavalos de prop\u00f3sito por \u201cmaldade\u201d.<\/p>\n\n\n\n<p>Diante dos fatos a equipe policial orientou a v\u00edtima quanto aos procedimentos cab\u00edveis.<\/p>\n\n\n\n<figure class=\"wp-block-image size-full\"><img decoding=\"async\" src=\"https:\/\/radiostudiow.com.br\/site\/wp-content\/uploads\/2022\/07\/BAHNIUK.jpg\" alt=\"\" class=\"wp-image-8307\"\/><\/figure>\n","protected":false},"excerpt":{"rendered":"<p>A equipe da Pol\u00edcia Militar de Paulo Frontin atendeu uma ocorr\u00eancia de danos com um preju\u00edzo de aproximadamente de R$ 5.000,00 (cinco mil reais). A situa\u00e7\u00e3o foi registrada por volta das 09:00 horas dessa segunda-feira, 22 de agosto, na localidade da Col\u00f4nia Bugre. Um homem compareceu ao Pelot\u00e3o da PM e passou a relatar que [&hellip;]<\/p>\n","protected":false},"author":2,"featured_media":0,"comment_status":"open","ping_status":"open","sticky":false,"template":"","format":"standard","meta":{"footnotes":""},"categories":[2],"tags":[172],"class_list":["post-8683","post","type-post","status-publish","format-standard","hentry","category-policial","tag-featured"],"amp_enabled":true,"_links":{"self":[{"href":"https:\/\/radiostudiow.com.br\/site\/wp-json\/wp\/v2\/posts\/8683","targetHints":{"allow":["GET"]}}],"collection":[{"href":"https:\/\/radiostudiow.com.br\/site\/wp-json\/wp\/v2\/posts"}],"about":[{"href":"https:\/\/radiostudiow.com.br\/site\/wp-json\/wp\/v2\/types\/post"}],"author":[{"embeddable":true,"href":"https:\/\/radiostudiow.com.br\/site\/wp-json\/wp\/v2\/users\/2"}],"replies":[{"embeddable":true,"href":"https:\/\/radiostudiow.com.br\/site\/wp-json\/wp\/v2\/comments?post=8683"}],"version-history":[{"count":1,"href":"https:\/\/radiostudiow.com.br\/site\/wp-json\/wp\/v2\/posts\/8683\/revisions"}],"predecessor-version":[{"id":8684,"href":"https:\/\/radiostudiow.com.br\/site\/wp-json\/wp\/v2\/posts\/8683\/revisions\/8684"}],"wp:attachment":[{"href":"https:\/\/radiostudiow.com.br\/site\/wp-json\/wp\/v2\/media?parent=8683"}],"wp:term":[{"taxonomy":"category","embeddable":true,"href":"https:\/\/radiostudiow.com.br\/site\/wp-json\/wp\/v2\/categories?post=8683"},{"taxonomy":"post_tag","embeddable":true,"href":"https:\/\/radiostudiow.com.br\/site\/wp-json\/wp\/v2\/tags?post=8683"}],"curies":[{"name":"wp","href":"https:\/\/api.w.org\/{rel}","templated":true}]}}