{"id":8692,"date":"2022-08-23T19:53:48","date_gmt":"2022-08-23T22:53:48","guid":{"rendered":"https:\/\/radiostudiow.com.br\/site\/?p=8692"},"modified":"2025-01-31T15:09:57","modified_gmt":"2025-01-31T18:09:57","slug":"solto-apos-varios-furtos-ladrao-e-amarrado-em-cerca-apos-novo-crime-em-uniao-da-vitoria","status":"publish","type":"post","link":"https:\/\/radiostudiow.com.br\/site\/2022\/08\/23\/solto-apos-varios-furtos-ladrao-e-amarrado-em-cerca-apos-novo-crime-em-uniao-da-vitoria\/","title":{"rendered":"Solto ap\u00f3s v\u00e1rios furtos, ladr\u00e3o \u00e9 amarrado em cerca ap\u00f3s novo crime em Uni\u00e3o da Vit\u00f3ria"},"content":{"rendered":"\n<p>Moradores do Conjunto Horst Waldraff impediram a fuga e amarraram um ladr\u00e3o por volta das 19:00 horas dessa segunda-feira (22). O caso ocorreu ap\u00f3s a tentativa de um novo crime do meliante.<\/p>\n\n\n\n<figure class=\"wp-block-image size-full\"><img decoding=\"async\" src=\"https:\/\/radiostudiow.com.br\/site\/wp-content\/uploads\/2022\/06\/SICREDI.jpg\" alt=\"\" class=\"wp-image-7695\"\/><\/figure>\n\n\n\n<p>Conforme informa\u00e7\u00f5es, o suspeito que j\u00e1 havia sido pego seis vezes no ano passado e pelo menos outras duas neste ano, sendo a mais recente na semana passada, estava tentando aplicar mais um furto em uma casa, onde pretendia levar uma m\u00e1quina de lavar, no entanto, foi flagrado e contido.<\/p>\n\n\n\n<p>A Pol\u00edcia n\u00e3o esclareceu quantas pessoas se envolveram na situa\u00e7\u00e3o aonde o homem foi amarrado na cerca, uma vez que, ao chegar no local v\u00e1rias pessoas dispersaram. Um homem relatou os fatos e ainda contou que o ladr\u00e3o mesmo amarrado fez amea\u00e7as.<\/p>\n\n\n\n<p>Acostumado com as passagens pela Pol\u00edcia e acreditando em mais uma liberdade breve, o ladr\u00e3o amea\u00e7ou o solicitante dizendo que sabia onde ele morava e que iria lhe matar, assim como matar as demais pessoas que estavam no local.<\/p>\n\n\n\n<p>Diante dos fatos, a Pol\u00edcia Militar mais uma vez conduziu o homem para a delegacia, sendo entregue para procedimentos, ficando novamente \u00e0 disposi\u00e7\u00e3o da justi\u00e7a.<\/p>\n\n\n\n<figure class=\"wp-block-image size-full\"><img decoding=\"async\" src=\"https:\/\/radiostudiow.com.br\/site\/wp-content\/uploads\/2022\/06\/vem_ai.jpg\" alt=\"\" class=\"wp-image-7789\"\/><\/figure>\n","protected":false},"excerpt":{"rendered":"<p>Moradores do Conjunto Horst Waldraff impediram a fuga e amarraram um ladr\u00e3o por volta das 19:00 horas dessa segunda-feira (22). O caso ocorreu ap\u00f3s a tentativa de um novo crime do meliante. Conforme informa\u00e7\u00f5es, o suspeito que j\u00e1 havia sido pego seis vezes no ano passado e pelo menos outras duas neste ano, sendo a [&hellip;]<\/p>\n","protected":false},"author":2,"featured_media":6892,"comment_status":"open","ping_status":"open","sticky":false,"template":"","format":"standard","meta":{"footnotes":""},"categories":[2],"tags":[172],"class_list":["post-8692","post","type-post","status-publish","format-standard","has-post-thumbnail","hentry","category-policial","tag-featured"],"amp_enabled":true,"_links":{"self":[{"href":"https:\/\/radiostudiow.com.br\/site\/wp-json\/wp\/v2\/posts\/8692","targetHints":{"allow":["GET"]}}],"collection":[{"href":"https:\/\/radiostudiow.com.br\/site\/wp-json\/wp\/v2\/posts"}],"about":[{"href":"https:\/\/radiostudiow.com.br\/site\/wp-json\/wp\/v2\/types\/post"}],"author":[{"embeddable":true,"href":"https:\/\/radiostudiow.com.br\/site\/wp-json\/wp\/v2\/users\/2"}],"replies":[{"embeddable":true,"href":"https:\/\/radiostudiow.com.br\/site\/wp-json\/wp\/v2\/comments?post=8692"}],"version-history":[{"count":1,"href":"https:\/\/radiostudiow.com.br\/site\/wp-json\/wp\/v2\/posts\/8692\/revisions"}],"predecessor-version":[{"id":8693,"href":"https:\/\/radiostudiow.com.br\/site\/wp-json\/wp\/v2\/posts\/8692\/revisions\/8693"}],"wp:featuredmedia":[{"embeddable":true,"href":"https:\/\/radiostudiow.com.br\/site\/wp-json\/wp\/v2\/media\/6892"}],"wp:attachment":[{"href":"https:\/\/radiostudiow.com.br\/site\/wp-json\/wp\/v2\/media?parent=8692"}],"wp:term":[{"taxonomy":"category","embeddable":true,"href":"https:\/\/radiostudiow.com.br\/site\/wp-json\/wp\/v2\/categories?post=8692"},{"taxonomy":"post_tag","embeddable":true,"href":"https:\/\/radiostudiow.com.br\/site\/wp-json\/wp\/v2\/tags?post=8692"}],"curies":[{"name":"wp","href":"https:\/\/api.w.org\/{rel}","templated":true}]}}