{"id":8696,"date":"2022-08-23T23:40:20","date_gmt":"2022-08-24T02:40:20","guid":{"rendered":"https:\/\/radiostudiow.com.br\/site\/?p=8696"},"modified":"2025-01-31T15:09:57","modified_gmt":"2025-01-31T18:09:57","slug":"motorista-malletense-perde-o-controle-de-sua-caminhonete-e-colide-com-uma-carreta-na-br-153-em-mallet","status":"publish","type":"post","link":"https:\/\/radiostudiow.com.br\/site\/2022\/08\/23\/motorista-malletense-perde-o-controle-de-sua-caminhonete-e-colide-com-uma-carreta-na-br-153-em-mallet\/","title":{"rendered":"MOTORISTA MALLETENSE PERDE O CONTROLE DE SUA CAMINHONETE E COLIDE COM UMA CARRETA NA BR 153 EM MALLET"},"content":{"rendered":"\n<p>No in\u00edcio da noite desta ter\u00e7a-feira dia 23 de agosto por volta das 19:00 horas um acidente envolvendo uma caminhonete Hilux com placas da cidade de Mallet, acabou atingindo uma carreta (Julieta) com o cavalinho um Mercedes-Benz com placas do Mercosul,&nbsp; na BR-153 na localidade da Col\u00f4nia Vera Cruz na Cidade de Mallet.<\/p>\n\n\n\n<p><\/p>\n\n\n\n<p>De acordo com informa\u00e7\u00f5es apuradas pela reportagem da R\u00e1dio Studio W, com o condutor da carreta carregada com eucalipto, que seguia viagem do munic\u00edpio de Bituruna para Tel\u00eamaco Borba,&nbsp; nas imedia\u00e7\u00f5es do quil\u00f4metro 379 da rodovia, uma caminhonete branca n\u00e3o conseguiu realizar a curva vindo a bater na lateral da sua carreta e em seguida cair fora da pista.<\/p>\n\n\n\n<figure class=\"wp-block-image size-full\"><img decoding=\"async\" src=\"https:\/\/radiostudiow.com.br\/site\/wp-content\/uploads\/2022\/07\/QUERO.QUERO_.jpg\" alt=\"\" class=\"wp-image-8289\"\/><\/figure>\n\n\n\n<p>Os bombeiros comunit\u00e1rios da cidade de Mallet foram acionados e prestaram os primeiros socorros at\u00e9 a chegada da ambul\u00e2ncia do SAMU, onde na sequ\u00eancia a v\u00edtima, um senhor de 62 anos morador de Mallet foi encaminhado com alguns ferimentos para o Hospital Santa Casa da cidade de Irati. O condutor e um passageiro da carreta n\u00e3o sofreram nenhum ferimento.<\/p>\n\n\n\n<p>Os policiais da PRF (Pol\u00edcia Rodovi\u00e1ria Federal), estiveram no local e at\u00e9 a retirada dos ve\u00edculos envolvidos.<\/p>\n\n\n\n<figure class=\"wp-block-image size-full\"><img decoding=\"async\" src=\"https:\/\/radiostudiow.com.br\/site\/wp-content\/uploads\/2022\/06\/NUTRI-MALLET.jpg\" alt=\"\" class=\"wp-image-7772\"\/><\/figure>\n\n\n\n<p><\/p>\n","protected":false},"excerpt":{"rendered":"<p>No in\u00edcio da noite desta ter\u00e7a-feira dia 23 de agosto por volta das 19:00 horas um acidente envolvendo uma caminhonete Hilux com placas da cidade de Mallet, acabou atingindo uma carreta (Julieta) com o cavalinho um Mercedes-Benz com placas do Mercosul,&nbsp; na BR-153 na localidade da Col\u00f4nia Vera Cruz na Cidade de Mallet. De acordo [&hellip;]<\/p>\n","protected":false},"author":2,"featured_media":0,"comment_status":"open","ping_status":"open","sticky":false,"template":"","format":"standard","meta":{"footnotes":""},"categories":[184,2],"tags":[172],"class_list":["post-8696","post","type-post","status-publish","format-standard","hentry","category-local","category-policial","tag-featured"],"amp_enabled":true,"_links":{"self":[{"href":"https:\/\/radiostudiow.com.br\/site\/wp-json\/wp\/v2\/posts\/8696","targetHints":{"allow":["GET"]}}],"collection":[{"href":"https:\/\/radiostudiow.com.br\/site\/wp-json\/wp\/v2\/posts"}],"about":[{"href":"https:\/\/radiostudiow.com.br\/site\/wp-json\/wp\/v2\/types\/post"}],"author":[{"embeddable":true,"href":"https:\/\/radiostudiow.com.br\/site\/wp-json\/wp\/v2\/users\/2"}],"replies":[{"embeddable":true,"href":"https:\/\/radiostudiow.com.br\/site\/wp-json\/wp\/v2\/comments?post=8696"}],"version-history":[{"count":3,"href":"https:\/\/radiostudiow.com.br\/site\/wp-json\/wp\/v2\/posts\/8696\/revisions"}],"predecessor-version":[{"id":8715,"href":"https:\/\/radiostudiow.com.br\/site\/wp-json\/wp\/v2\/posts\/8696\/revisions\/8715"}],"wp:attachment":[{"href":"https:\/\/radiostudiow.com.br\/site\/wp-json\/wp\/v2\/media?parent=8696"}],"wp:term":[{"taxonomy":"category","embeddable":true,"href":"https:\/\/radiostudiow.com.br\/site\/wp-json\/wp\/v2\/categories?post=8696"},{"taxonomy":"post_tag","embeddable":true,"href":"https:\/\/radiostudiow.com.br\/site\/wp-json\/wp\/v2\/tags?post=8696"}],"curies":[{"name":"wp","href":"https:\/\/api.w.org\/{rel}","templated":true}]}}