{"id":8721,"date":"2022-08-24T18:12:38","date_gmt":"2022-08-24T21:12:38","guid":{"rendered":"https:\/\/radiostudiow.com.br\/site\/?p=8721"},"modified":"2025-01-31T15:09:57","modified_gmt":"2025-01-31T18:09:57","slug":"motorista-confessa-que-bebeu-bebida-alcoolica-antes-de-acidente","status":"publish","type":"post","link":"https:\/\/radiostudiow.com.br\/site\/2022\/08\/24\/motorista-confessa-que-bebeu-bebida-alcoolica-antes-de-acidente\/","title":{"rendered":"Motorista confessa que bebeu bebida alco\u00f3lica antes de acidente"},"content":{"rendered":"\n<p>O motorista que dirigia a caminhonete que capotou e provocou a morte de duas jovens na BR-476, Rodovia do Xisto, em Contenda, na regi\u00e3o metropolitana de Curitiba, confessou que consumiu bebida alco\u00f3lica antes do acidente.<\/p>\n\n\n\n<p>Durante o depoimento \u00e0 Pol\u00edcia Civil, nesta ter\u00e7a-feira, 23 de agosto, jovem de 26 anos que dirigia o carro no momento do capotamento afirmou que bebeu vodca com energ\u00e9tico. O capotamento aconteceu na noite da \u00faltima sexta-feira (19), no quil\u00f4metro 173 da rodovia.<\/p>\n\n\n\n<figure class=\"wp-block-image size-full\"><img decoding=\"async\" src=\"https:\/\/radiostudiow.com.br\/site\/wp-content\/uploads\/2022\/07\/image.png\" alt=\"\" class=\"wp-image-8317\"\/><\/figure>\n\n\n\n<p>Ele descreveu \u00e0 pol\u00edcia que conhecia Gabrielly Sobota, de 22 anos, e Pamela Sitnek, de 19, h\u00e1 cerca de cinco meses. O objetivo do passeio seria a comemora\u00e7\u00e3o do anivers\u00e1rio de Pamela. Ao longo da noite, o motorista afirma que teria consumido dois copos de energ\u00e9tico com vodca, segundo o depoimento.<\/p>\n\n\n\n<p>O acidente aconteceu por volta das 22:30 horas no retorno para a casa das jovens.<\/p>\n\n\n\n<p>Procurado pela Banda B, o advogado que representa a fam\u00edlia das v\u00edtimas, Kival Della Bianca Paquete Junior. <em>\u201cPodemos garantir que n\u00e3o est\u00e3o sendo medidos esfor\u00e7os na busca pela verdade. Posso dizer que j\u00e1 ficou constatado por v\u00eddeos e testemunhas, que o Murilo havia bebido e estava em uma velocidade superior a m\u00e1xima permitida no local\u201d<\/em>, diz.<\/p>\n\n\n\n<p>No depoimento, o motorista disse que dirigia entre 90km\/h e 100 km\/h.<\/p>\n\n\n\n<p>Segundo Paquete Junior, por\u00e9m, o inqu\u00e9rito n\u00e3o busca vingan\u00e7a. <em>\u201cO intuito \u00e9 buscar que justi\u00e7a seja feita\u201d<\/em>, garante.<\/p>\n\n\n\n<p>Em nota, a Pol\u00edcia Civil informou que as dilig\u00eancias seguem a fim de estabelecer as din\u00e2micas do fato. <em>\u201cOutras testemunhas ser\u00e3o ouvidas e a Pol\u00edcia Civil aguarda laudos que auxiliar\u00e3o no andamento das investiga\u00e7\u00f5es\u201d<\/em>, descreve.<\/p>\n\n\n\n<p>Murilo responde ao inqu\u00e9rito em liberdade. O espa\u00e7o est\u00e1 aberto para manifesta\u00e7\u00e3o da defesa.<\/p>\n\n\n\n<figure class=\"wp-block-image size-full\"><img decoding=\"async\" src=\"https:\/\/radiostudiow.com.br\/site\/wp-content\/uploads\/2022\/06\/SICREDI.jpg\" alt=\"\" class=\"wp-image-7695\"\/><\/figure>\n","protected":false},"excerpt":{"rendered":"<p>O motorista que dirigia a caminhonete que capotou e provocou a morte de duas jovens na BR-476, Rodovia do Xisto, em Contenda, na regi\u00e3o metropolitana de Curitiba, confessou que consumiu bebida alco\u00f3lica antes do acidente. Durante o depoimento \u00e0 Pol\u00edcia Civil, nesta ter\u00e7a-feira, 23 de agosto, jovem de 26 anos que dirigia o carro no [&hellip;]<\/p>\n","protected":false},"author":2,"featured_media":8663,"comment_status":"open","ping_status":"open","sticky":false,"template":"","format":"standard","meta":{"footnotes":""},"categories":[2],"tags":[172],"class_list":["post-8721","post","type-post","status-publish","format-standard","has-post-thumbnail","hentry","category-policial","tag-featured"],"amp_enabled":true,"_links":{"self":[{"href":"https:\/\/radiostudiow.com.br\/site\/wp-json\/wp\/v2\/posts\/8721","targetHints":{"allow":["GET"]}}],"collection":[{"href":"https:\/\/radiostudiow.com.br\/site\/wp-json\/wp\/v2\/posts"}],"about":[{"href":"https:\/\/radiostudiow.com.br\/site\/wp-json\/wp\/v2\/types\/post"}],"author":[{"embeddable":true,"href":"https:\/\/radiostudiow.com.br\/site\/wp-json\/wp\/v2\/users\/2"}],"replies":[{"embeddable":true,"href":"https:\/\/radiostudiow.com.br\/site\/wp-json\/wp\/v2\/comments?post=8721"}],"version-history":[{"count":1,"href":"https:\/\/radiostudiow.com.br\/site\/wp-json\/wp\/v2\/posts\/8721\/revisions"}],"predecessor-version":[{"id":8722,"href":"https:\/\/radiostudiow.com.br\/site\/wp-json\/wp\/v2\/posts\/8721\/revisions\/8722"}],"wp:featuredmedia":[{"embeddable":true,"href":"https:\/\/radiostudiow.com.br\/site\/wp-json\/wp\/v2\/media\/8663"}],"wp:attachment":[{"href":"https:\/\/radiostudiow.com.br\/site\/wp-json\/wp\/v2\/media?parent=8721"}],"wp:term":[{"taxonomy":"category","embeddable":true,"href":"https:\/\/radiostudiow.com.br\/site\/wp-json\/wp\/v2\/categories?post=8721"},{"taxonomy":"post_tag","embeddable":true,"href":"https:\/\/radiostudiow.com.br\/site\/wp-json\/wp\/v2\/tags?post=8721"}],"curies":[{"name":"wp","href":"https:\/\/api.w.org\/{rel}","templated":true}]}}