{"id":8724,"date":"2022-08-25T17:52:20","date_gmt":"2022-08-25T20:52:20","guid":{"rendered":"https:\/\/radiostudiow.com.br\/site\/?p=8724"},"modified":"2025-01-31T15:09:57","modified_gmt":"2025-01-31T18:09:57","slug":"vandalismo-pode-ter-sido-motivo-de-destruicao-de-plantio-em-sao-mateus-do-sul","status":"publish","type":"post","link":"https:\/\/radiostudiow.com.br\/site\/2022\/08\/25\/vandalismo-pode-ter-sido-motivo-de-destruicao-de-plantio-em-sao-mateus-do-sul\/","title":{"rendered":"Vandalismo pode ter sido motivo de destrui\u00e7\u00e3o de plantio em S\u00e3o Mateus do Sul"},"content":{"rendered":"\n<p>Algumas mudas de erva-mate que foram plantadas pr\u00f3ximo a Casa da Mem\u00f3ria durante a Festa da Colheita do Mate em maio deste ano foram destru\u00eddas em um ato que pode ter sido de vandalismo. Algumas plantas foram quebradas e outras chegaram a ser completamente arrancadas do ch\u00e3o.<\/p>\n\n\n\n<figure class=\"wp-block-image size-full\"><img decoding=\"async\" src=\"https:\/\/radiostudiow.com.br\/site\/wp-content\/uploads\/2022\/07\/BAHNIUK.jpg\" alt=\"\" class=\"wp-image-8307\"\/><\/figure>\n\n\n\n<p>De acordo com o relat\u00f3rio da PM, essa situa\u00e7\u00e3o j\u00e1 havia sido registrada anteriormente, por\u00e9m uma a\u00e7\u00e3o dos alunos do Col\u00e9gio Estadual S\u00e3o Mateus resultou no replantio de 20 mudas. No entanto, no in\u00edcio desta semana a situa\u00e7\u00e3o de vandalismo voltou a acontecer.<\/p>\n\n\n\n<p>A orienta\u00e7\u00e3o \u00e9 de que caso algum morador registre situa\u00e7\u00f5es de vandalismo possa procurar a Pol\u00edcia Militar ou at\u00e9 mesmo a Prefeitura Municipal para efetuar as den\u00fancias que podem ser an\u00f4nimas.<\/p>\n\n\n\n<p>Segundo o C\u00f3digo Penal brasileiro, vandalismo \u00e9 crime e o autor do delito fica sujeito a pris\u00e3o e multa, por danos ao patrim\u00f4nio p\u00fablico. A pena varia de seis meses a tr\u00eas anos de deten\u00e7\u00e3o, al\u00e9m das agravantes.<\/p>\n\n\n\n<figure class=\"wp-block-image size-full\"><img decoding=\"async\" src=\"https:\/\/radiostudiow.com.br\/site\/wp-content\/uploads\/2022\/08\/image.png\" alt=\"\" class=\"wp-image-8498\"\/><\/figure>\n\n\n\n<figure class=\"wp-block-image size-full\"><img decoding=\"async\" src=\"https:\/\/radiostudiow.com.br\/site\/wp-content\/uploads\/2022\/08\/LOGO-ESPORTES-FEES-2.jpg\" alt=\"\" class=\"wp-image-8725\"\/><\/figure>\n","protected":false},"excerpt":{"rendered":"<p>Algumas mudas de erva-mate que foram plantadas pr\u00f3ximo a Casa da Mem\u00f3ria durante a Festa da Colheita do Mate em maio deste ano foram destru\u00eddas em um ato que pode ter sido de vandalismo. Algumas plantas foram quebradas e outras chegaram a ser completamente arrancadas do ch\u00e3o. De acordo com o relat\u00f3rio da PM, essa [&hellip;]<\/p>\n","protected":false},"author":2,"featured_media":0,"comment_status":"open","ping_status":"open","sticky":false,"template":"","format":"standard","meta":{"footnotes":""},"categories":[2],"tags":[172],"class_list":["post-8724","post","type-post","status-publish","format-standard","hentry","category-policial","tag-featured"],"amp_enabled":true,"_links":{"self":[{"href":"https:\/\/radiostudiow.com.br\/site\/wp-json\/wp\/v2\/posts\/8724","targetHints":{"allow":["GET"]}}],"collection":[{"href":"https:\/\/radiostudiow.com.br\/site\/wp-json\/wp\/v2\/posts"}],"about":[{"href":"https:\/\/radiostudiow.com.br\/site\/wp-json\/wp\/v2\/types\/post"}],"author":[{"embeddable":true,"href":"https:\/\/radiostudiow.com.br\/site\/wp-json\/wp\/v2\/users\/2"}],"replies":[{"embeddable":true,"href":"https:\/\/radiostudiow.com.br\/site\/wp-json\/wp\/v2\/comments?post=8724"}],"version-history":[{"count":1,"href":"https:\/\/radiostudiow.com.br\/site\/wp-json\/wp\/v2\/posts\/8724\/revisions"}],"predecessor-version":[{"id":8727,"href":"https:\/\/radiostudiow.com.br\/site\/wp-json\/wp\/v2\/posts\/8724\/revisions\/8727"}],"wp:attachment":[{"href":"https:\/\/radiostudiow.com.br\/site\/wp-json\/wp\/v2\/media?parent=8724"}],"wp:term":[{"taxonomy":"category","embeddable":true,"href":"https:\/\/radiostudiow.com.br\/site\/wp-json\/wp\/v2\/categories?post=8724"},{"taxonomy":"post_tag","embeddable":true,"href":"https:\/\/radiostudiow.com.br\/site\/wp-json\/wp\/v2\/tags?post=8724"}],"curies":[{"name":"wp","href":"https:\/\/api.w.org\/{rel}","templated":true}]}}