{"id":8728,"date":"2022-08-25T17:58:10","date_gmt":"2022-08-25T20:58:10","guid":{"rendered":"https:\/\/radiostudiow.com.br\/site\/?p=8728"},"modified":"2025-01-31T15:09:57","modified_gmt":"2025-01-31T18:09:57","slug":"com-apoio-da-fundacao-sicredi-peca-teatral-juntos-reuniu","status":"publish","type":"post","link":"https:\/\/radiostudiow.com.br\/site\/2022\/08\/25\/com-apoio-da-fundacao-sicredi-peca-teatral-juntos-reuniu\/","title":{"rendered":"Com apoio da Funda\u00e7\u00e3o Sicredi, pe\u00e7a teatral #Juntos reuniu mais de 500 jovens em Irati\/PR"},"content":{"rendered":"\n<p>No dia 22 de agosto mais de 500 jovens participaram do espet\u00e1culo teatral #Juntos,<br>realizado no Centro de Eventos Italiano em Irati\/PR. Coordenado pelas duas ag\u00eancias Sicredi<br>do munic\u00edpio a pe\u00e7a teatral teve sua entrada gratuita. O objetivo da pe\u00e7a era proporcionar o<br>acesso \u00e0 cultura, refor\u00e7ar a import\u00e2ncia da educa\u00e7\u00e3o financeira e do planejamento<br>estimulando o consumo consciente, a amizade, a preocupa\u00e7\u00e3o com a sociedade e a<br>coopera\u00e7\u00e3o, al\u00e9m de levar cultura para os jovens, de forma divertida e descontra\u00edda.<\/p>\n\n\n\n<figure class=\"wp-block-image size-full\"><img decoding=\"async\" src=\"https:\/\/radiostudiow.com.br\/site\/wp-content\/uploads\/2022\/06\/SICREDI.jpg\" alt=\"\" class=\"wp-image-7695\"\/><\/figure>\n\n\n\n<p><em>\u201cO espet\u00e1culo reflete com leveza e bom humor as quest\u00f5es que preocupam os jovens.<br>Como preparar-se para o futuro com tantos caminhos poss\u00edveis? Nos dias de hoje o espa\u00e7o<br>f\u00edsico n\u00e3o precisa ser compartilhado para que as pessoas possam cooperar, se unir e construir<br>seus projetos de vida juntas\u201d <\/em>afirma a dramaturga Ded\u00e9 Ribeiro.<\/p>\n\n\n\n<p>A a\u00e7\u00e3o de #Juntos se passa no dia da formatura de tr\u00eas colegas insepar\u00e1veis no ensino<br>m\u00e9dio, que tra\u00e7am planos para o futuro. No entanto, a separa\u00e7\u00e3o \u00e9 inevit\u00e1vel, mas a<br>dist\u00e2ncia, hoje, \u00e9 relativa, gra\u00e7as \u00e0s redes sociais. Com o aux\u00edlio da irm\u00e3 de um deles e de<br>outras personagens que aparecem, os amigos criam juntos um projeto que possa reuni-los<br>outra vez e garantir que seus sonhos de trabalho se realizem. Com muitas complica\u00e7\u00f5es e<br>situa\u00e7\u00f5es divertidas, a montagem foi concebida para um p\u00fablico jovem, de 13 a 20 anos. Na<br>ficha t\u00e9cnica destacam-se atores reconhecidos no teatro ga\u00facho, como Douglas Oliveira, Denis<br>Gosh e Ursula Collischonn, entre outros, bem como os cen\u00e1rios de Rodrigo Shalako e os<br>figurinos de Ant\u00f4nio Rabadan. A produ\u00e7\u00e3o \u00e9 assinada pela DUX \/LIGA Produ\u00e7\u00e3o Cultural.<\/p>\n\n\n\n<figure class=\"wp-block-gallery has-nested-images columns-default is-cropped wp-block-gallery-1 is-layout-flex wp-block-gallery-is-layout-flex\">\n<figure class=\"wp-block-image size-large\"><img decoding=\"async\" data-id=\"8731\" src=\"https:\/\/radiostudiow.com.br\/site\/wp-content\/uploads\/2022\/08\/Juntos-1-2.jpeg\" alt=\"\" class=\"wp-image-8731\"\/><\/figure>\n\n\n\n<figure class=\"wp-block-image size-large\"><img decoding=\"async\" data-id=\"8730\" src=\"https:\/\/radiostudiow.com.br\/site\/wp-content\/uploads\/2022\/08\/Juntos-1-4.jpeg\" alt=\"\" class=\"wp-image-8730\"\/><\/figure>\n<\/figure>\n\n\n\n<p><em>\u201cO Sicredi acredita que por meio da educa\u00e7\u00e3o financeira, as pessoas podem<br>transformar sua rela\u00e7\u00e3o com o dinheiro e conquistar maior independ\u00eancia e liberdade para as<br>suas vidas, o que refor\u00e7a a import\u00e2ncia de apoiarmos uma produ\u00e7\u00e3o art\u00edstica que fomenta<br>esse tema de uma forma leve e descontra\u00edda. Al\u00e9m disso, o fato de o espet\u00e1culo rodar por<br>pequenos munic\u00edpios, que muitas vezes n\u00e3o t\u00eam a oportunidade de receber muitas atra\u00e7\u00f5es<br>culturais, tem grande sinergia com a nossa atua\u00e7\u00e3o, que busca o desenvolvimento local das<br>comunidades tamb\u00e9m fora dos grandes centros urbanos\u201d,<\/em> comenta Cristiane Amaral, gerente<br>da Funda\u00e7\u00e3o Sicredi.<\/p>\n\n\n\n<figure class=\"wp-block-image size-full\"><img decoding=\"async\" src=\"https:\/\/radiostudiow.com.br\/site\/wp-content\/uploads\/2022\/07\/IMOB-SUL.jpg\" alt=\"\" class=\"wp-image-8292\"\/><\/figure>\n\n\n\n<p><strong>Sobre a autora e diretor<\/strong><br>Ded\u00e9 Ribeiro \u00e9 dramaturga, produtora, professora e colagista, nascida em Porto<br>Alegre\/ RS. Jornalista por forma\u00e7\u00e3o, com DEA na Universidade de Paris I &#8211; Panthe\u00f3n-Sorbonne<br>e mestrado em Artes Visuais na UFRGS. Como dramaturga, ganhou o Pr\u00eamio Habitasul com \u201cO<br>Mist\u00e9rio das Baipotas\u201d (com Angel Palomero); produziu o projeto MicroDramas (internet,<br>saraus e adesivos com os textos) e integrou por oito anos a Oficina Dran, de Dramaturgia,<br>orientada por Gra\u00e7a Nunes. Teve sete textos teatrais publicados em quatro livros e um de seus<br>textos &#8211; &#8220;Qual Vai Ser?&#8221; &#8211; apresentado em 280 cidades brasileiras, no projeto da Funda\u00e7\u00e3o<br>Sicredi e Minist\u00e9rio da Cultura. \u00c9 produtora e professora de produ\u00e7\u00e3o. Desde 2016 estuda programa\u00e7\u00e3o neurolingu\u00edstica e dedica-se \u00e0s artes visuais, tendo apresentado diversas exposi\u00e7\u00f5es individuais e coletivas.<\/p>\n\n\n\n<figure class=\"wp-block-image size-large\"><img decoding=\"async\" src=\"https:\/\/radiostudiow.com.br\/site\/wp-content\/uploads\/2022\/08\/Juntos-1-1-1024x766.jpeg\" alt=\"\" class=\"wp-image-8732\"\/><\/figure>\n\n\n\n<p>Daniel Colin \u00e9 Doutor em Teatro pela Universidade do Estado de Santa Catarina<br>(UDESC), Mestre e Bacharel em Artes C\u00eanicas pela Universidade Federal do Rio Grande do Sul<br>(UFRGS). Tamb\u00e9m \u00e9 professor convidado da P\u00f3s-Gradua\u00e7\u00e3o Lato Sensu \/ Especializa\u00e7\u00e3o &#8211; Artes<br>C\u00eanicas (CENSUPEG). No teatro atua como diretor, ator, performer, dramaturgo, pesquisador e<br>professor. \u00c9 integrante e membro-fundador do grupo Teatro Sarc\u00e1ustico, em Porto Alegre\/RS,<br>desde 2004. Dentre seus trabalhos destacam-se o espet\u00e1culo Qual Vai Ser?, que circulou por<br>mais de 200 cidades de norte a sul do Brasil entre os anos de 2015 e 2018. Recebeu, nas mais<br>variadas fun\u00e7\u00f5es, diversos pr\u00eamios, incluindo A\u00e7orianos de Teatro, Tibicuera de Teatro Infantil,<br>Braskem em Cena, RBS Cultura e Trajet\u00f3rias Culturais. Trabalha em eventos de grande porte<br>como Natal Luz de Gramado desde 2011 at\u00e9 os dias atuais. Sua pesquisa te\u00f3rico-pr\u00e1tica<br>pessoal articula conceitos como corpo, performance, arte e atua\u00e7\u00e3o em rela\u00e7\u00e3o com estudos<br>sobre decolonialidade, g\u00eanero e sexualidade, a partir da qual resultaram suas investiga\u00e7\u00f5es de<br>mestrado e doutorado.<\/p>\n\n\n\n<figure class=\"wp-block-image size-full\"><img decoding=\"async\" src=\"https:\/\/radiostudiow.com.br\/site\/wp-content\/uploads\/2022\/07\/image.png\" alt=\"\" class=\"wp-image-8317\"\/><\/figure>\n\n\n\n<p><strong>Sobre o Sicredi<\/strong><br>O Sicredi \u00e9 uma institui\u00e7\u00e3o financeira cooperativa comprometida com o crescimento<br>dos seus associados e com o desenvolvimento das regi\u00f5es onde atua. O modelo de gest\u00e3o do<br>Sicredi valoriza a participa\u00e7\u00e3o dos mais de 6 milh\u00f5es de associados, os quais exercem papel de<br>donos do neg\u00f3cio. Com presen\u00e7a nacional, o Sicredi est\u00e1 presente em todos os estados do<br>Brasil, com mais de 2,200 ag\u00eancias, e oferece mais de 300 produtos e servi\u00e7os financeiros<br>(<a href=\"http:\/\/www.sicredi.com.br\" data-type=\"URL\" data-id=\"www.sicredi.com.br\">www.sicredi.com.br<\/a>).<\/p>\n\n\n\n<p>Realiza\u00e7\u00e3o: Funda\u00e7\u00e3o Sicredi<\/p>\n\n\n\n<p>Informa\u00e7\u00f5es para a imprensa: Beb\u00ea Baumgarten Comunica\u00e7\u00e3o 51 3028.4201 \/ 98111.8703 bebe@bebebaumgarten.com. <a href=\"http:\/\/www.bebebaumgarten.com\" data-type=\"URL\" data-id=\"www.bebebaumgarten.com\">www.bebebaumgarten.com<\/a><\/p>\n","protected":false},"excerpt":{"rendered":"<p>No dia 22 de agosto mais de 500 jovens participaram do espet\u00e1culo teatral #Juntos,realizado no Centro de Eventos Italiano em Irati\/PR. Coordenado pelas duas ag\u00eancias Sicredido munic\u00edpio a pe\u00e7a teatral teve sua entrada gratuita. O objetivo da pe\u00e7a era proporcionar oacesso \u00e0 cultura, refor\u00e7ar a import\u00e2ncia da educa\u00e7\u00e3o financeira e do planejamentoestimulando o consumo consciente, [&hellip;]<\/p>\n","protected":false},"author":2,"featured_media":0,"comment_status":"open","ping_status":"open","sticky":false,"template":"","format":"standard","meta":{"footnotes":""},"categories":[7],"tags":[172],"class_list":["post-8728","post","type-post","status-publish","format-standard","hentry","category-geral","tag-featured"],"amp_enabled":true,"_links":{"self":[{"href":"https:\/\/radiostudiow.com.br\/site\/wp-json\/wp\/v2\/posts\/8728","targetHints":{"allow":["GET"]}}],"collection":[{"href":"https:\/\/radiostudiow.com.br\/site\/wp-json\/wp\/v2\/posts"}],"about":[{"href":"https:\/\/radiostudiow.com.br\/site\/wp-json\/wp\/v2\/types\/post"}],"author":[{"embeddable":true,"href":"https:\/\/radiostudiow.com.br\/site\/wp-json\/wp\/v2\/users\/2"}],"replies":[{"embeddable":true,"href":"https:\/\/radiostudiow.com.br\/site\/wp-json\/wp\/v2\/comments?post=8728"}],"version-history":[{"count":2,"href":"https:\/\/radiostudiow.com.br\/site\/wp-json\/wp\/v2\/posts\/8728\/revisions"}],"predecessor-version":[{"id":8734,"href":"https:\/\/radiostudiow.com.br\/site\/wp-json\/wp\/v2\/posts\/8728\/revisions\/8734"}],"wp:attachment":[{"href":"https:\/\/radiostudiow.com.br\/site\/wp-json\/wp\/v2\/media?parent=8728"}],"wp:term":[{"taxonomy":"category","embeddable":true,"href":"https:\/\/radiostudiow.com.br\/site\/wp-json\/wp\/v2\/categories?post=8728"},{"taxonomy":"post_tag","embeddable":true,"href":"https:\/\/radiostudiow.com.br\/site\/wp-json\/wp\/v2\/tags?post=8728"}],"curies":[{"name":"wp","href":"https:\/\/api.w.org\/{rel}","templated":true}]}}