{"id":8736,"date":"2022-08-26T11:21:14","date_gmt":"2022-08-26T14:21:14","guid":{"rendered":"https:\/\/radiostudiow.com.br\/site\/?p=8736"},"modified":"2025-01-31T15:09:57","modified_gmt":"2025-01-31T18:09:57","slug":"carteira-e-furtada-de-dentro-de-carro-em-sao-mateus-do-sul","status":"publish","type":"post","link":"https:\/\/radiostudiow.com.br\/site\/2022\/08\/26\/carteira-e-furtada-de-dentro-de-carro-em-sao-mateus-do-sul\/","title":{"rendered":"Carteira \u00e9 furtada de dentro de carro em S\u00e3o Mateus do Sul"},"content":{"rendered":"\n<figure class=\"wp-block-image size-full\"><img decoding=\"async\" src=\"https:\/\/radiostudiow.com.br\/site\/wp-content\/uploads\/2022\/06\/SICREDI.jpg\" alt=\"\" class=\"wp-image-7695\"\/><\/figure>\n\n\n\n<p>A equipe da Policia Militar de S\u00e3o Mateus do Sul foi acionada para atender uma ocorr\u00eancia de arrombamento e furto na \u00e1rea central da cidade, por volta das 19:00 horas dessa quinta-feira (25).<\/p>\n\n\n\n<p>Os policiais se deslocaram at\u00e9 a rua Ozy Mendon\u00e7a de Lima onde o solicitante relatou que deixou seu ve\u00edculo estacionado e quando retornou, notou que o interior do carro estava todo revirado e sentiu a falta de sua carteira com documentos e um valor em dinheiro.<\/p>\n\n\n\n<p>Diante da situa\u00e7\u00e3o os policiais orientaram a v\u00edtima quanto aos procedimentos cab\u00edveis e feito patrulhamentos pela regi\u00e3o, por\u00e9m, nenhum suspeito foi localizado at\u00e9 o momento.<\/p>\n\n\n\n<figure class=\"wp-block-image size-full\"><img decoding=\"async\" src=\"https:\/\/radiostudiow.com.br\/site\/wp-content\/uploads\/2022\/07\/BAHNIUK.jpg\" alt=\"\" class=\"wp-image-8307\"\/><\/figure>\n","protected":false},"excerpt":{"rendered":"<p>A equipe da Policia Militar de S\u00e3o Mateus do Sul foi acionada para atender uma ocorr\u00eancia de arrombamento e furto na \u00e1rea central da cidade, por volta das 19:00 horas dessa quinta-feira (25). Os policiais se deslocaram at\u00e9 a rua Ozy Mendon\u00e7a de Lima onde o solicitante relatou que deixou seu ve\u00edculo estacionado e quando [&hellip;]<\/p>\n","protected":false},"author":2,"featured_media":0,"comment_status":"open","ping_status":"open","sticky":false,"template":"","format":"standard","meta":{"footnotes":""},"categories":[2],"tags":[172],"class_list":["post-8736","post","type-post","status-publish","format-standard","hentry","category-policial","tag-featured"],"amp_enabled":true,"_links":{"self":[{"href":"https:\/\/radiostudiow.com.br\/site\/wp-json\/wp\/v2\/posts\/8736","targetHints":{"allow":["GET"]}}],"collection":[{"href":"https:\/\/radiostudiow.com.br\/site\/wp-json\/wp\/v2\/posts"}],"about":[{"href":"https:\/\/radiostudiow.com.br\/site\/wp-json\/wp\/v2\/types\/post"}],"author":[{"embeddable":true,"href":"https:\/\/radiostudiow.com.br\/site\/wp-json\/wp\/v2\/users\/2"}],"replies":[{"embeddable":true,"href":"https:\/\/radiostudiow.com.br\/site\/wp-json\/wp\/v2\/comments?post=8736"}],"version-history":[{"count":1,"href":"https:\/\/radiostudiow.com.br\/site\/wp-json\/wp\/v2\/posts\/8736\/revisions"}],"predecessor-version":[{"id":8738,"href":"https:\/\/radiostudiow.com.br\/site\/wp-json\/wp\/v2\/posts\/8736\/revisions\/8738"}],"wp:attachment":[{"href":"https:\/\/radiostudiow.com.br\/site\/wp-json\/wp\/v2\/media?parent=8736"}],"wp:term":[{"taxonomy":"category","embeddable":true,"href":"https:\/\/radiostudiow.com.br\/site\/wp-json\/wp\/v2\/categories?post=8736"},{"taxonomy":"post_tag","embeddable":true,"href":"https:\/\/radiostudiow.com.br\/site\/wp-json\/wp\/v2\/tags?post=8736"}],"curies":[{"name":"wp","href":"https:\/\/api.w.org\/{rel}","templated":true}]}}