{"id":8741,"date":"2022-08-26T17:54:57","date_gmt":"2022-08-26T20:54:57","guid":{"rendered":"https:\/\/radiostudiow.com.br\/site\/?p=8741"},"modified":"2025-01-31T15:09:57","modified_gmt":"2025-01-31T18:09:57","slug":"menor-envolvido-no-assalto-a-taxista-pode-ser-liberado-e-taxista-permanece-internado-caso-aconteceu-em-sao-mateus-do-sul","status":"publish","type":"post","link":"https:\/\/radiostudiow.com.br\/site\/2022\/08\/26\/menor-envolvido-no-assalto-a-taxista-pode-ser-liberado-e-taxista-permanece-internado-caso-aconteceu-em-sao-mateus-do-sul\/","title":{"rendered":"Menor envolvido no assalto a taxista pode ser liberado e Taxista permanece internado.\u00a0Caso aconteceu em S\u00e3o Mateus do Sul"},"content":{"rendered":"\n<p>Na tarde dessa sexta-feira, 26 de agosto, a reda\u00e7\u00e3o do Clic Sul News recebeu informa\u00e7\u00f5es sobre o assalto que aconteceu na segunda feira envolvendo o taxista em S\u00e3o Mateus do Sul.<\/p>\n\n\n\n<figure class=\"wp-block-image size-full\"><img decoding=\"async\" src=\"https:\/\/radiostudiow.com.br\/site\/wp-content\/uploads\/2022\/06\/NUTRI-MALLET.jpg\" alt=\"\" class=\"wp-image-7772\"\/><\/figure>\n\n\n\n<p><strong><em>Confira a nota enviada por familiares.<\/em><\/strong><\/p>\n\n\n\n<h2 class=\"wp-block-heading\">Clic Sul News! Precisamos que as informa\u00e7\u00f5es sobre o assalto do Sr. Chico taxista seja informadas de forma correta.<\/h2>\n\n\n\n<h2 class=\"wp-block-heading\">&nbsp;Foi tentativa de latroc\u00ednio. Ele foi brutalmente espancado, levou uma paulada na cabe\u00e7a, uma facada no pesco\u00e7o e ainda est\u00e1 com a bacia quebrada.<\/h2>\n\n\n\n<h2 class=\"wp-block-heading\">\u00a0O que mais nos revolta \u00e9 que o menino envolvido, o qual \u00e9 de menor de idade est\u00e1 para ter seu alvar\u00e1 de soltura hoje, caso n\u00e3o consiga transfer\u00eancia. Infelizmente esse \u00e9 o nosso Pa\u00eds!<\/h2>\n\n\n\n<figure class=\"wp-block-image size-full\"><img decoding=\"async\" src=\"https:\/\/radiostudiow.com.br\/site\/wp-content\/uploads\/2022\/06\/vem_ai.jpg\" alt=\"\" class=\"wp-image-7789\"\/><\/figure>\n\n\n\n<p>Os familiares ainda informaram que o taxista permanece internado sobre cuidados m\u00e9dicos. Tire suas conclus\u00f5es sobre este lament\u00e1vel caso. Todos sabem que os envolvidos com furtos e assaltos acontecidos nos \u00faltimos dias j\u00e1 est\u00e3o em liberdade.<\/p>\n\n\n\n<p>Relembre o caso no link <\/p>\n","protected":false},"excerpt":{"rendered":"<p>Na tarde dessa sexta-feira, 26 de agosto, a reda\u00e7\u00e3o do Clic Sul News recebeu informa\u00e7\u00f5es sobre o assalto que aconteceu na segunda feira envolvendo o taxista em S\u00e3o Mateus do Sul. Confira a nota enviada por familiares. Clic Sul News! Precisamos que as informa\u00e7\u00f5es sobre o assalto do Sr. Chico taxista seja informadas de forma [&hellip;]<\/p>\n","protected":false},"author":2,"featured_media":0,"comment_status":"open","ping_status":"open","sticky":false,"template":"","format":"standard","meta":{"footnotes":""},"categories":[2],"tags":[172],"class_list":["post-8741","post","type-post","status-publish","format-standard","hentry","category-policial","tag-featured"],"amp_enabled":true,"_links":{"self":[{"href":"https:\/\/radiostudiow.com.br\/site\/wp-json\/wp\/v2\/posts\/8741","targetHints":{"allow":["GET"]}}],"collection":[{"href":"https:\/\/radiostudiow.com.br\/site\/wp-json\/wp\/v2\/posts"}],"about":[{"href":"https:\/\/radiostudiow.com.br\/site\/wp-json\/wp\/v2\/types\/post"}],"author":[{"embeddable":true,"href":"https:\/\/radiostudiow.com.br\/site\/wp-json\/wp\/v2\/users\/2"}],"replies":[{"embeddable":true,"href":"https:\/\/radiostudiow.com.br\/site\/wp-json\/wp\/v2\/comments?post=8741"}],"version-history":[{"count":2,"href":"https:\/\/radiostudiow.com.br\/site\/wp-json\/wp\/v2\/posts\/8741\/revisions"}],"predecessor-version":[{"id":8744,"href":"https:\/\/radiostudiow.com.br\/site\/wp-json\/wp\/v2\/posts\/8741\/revisions\/8744"}],"wp:attachment":[{"href":"https:\/\/radiostudiow.com.br\/site\/wp-json\/wp\/v2\/media?parent=8741"}],"wp:term":[{"taxonomy":"category","embeddable":true,"href":"https:\/\/radiostudiow.com.br\/site\/wp-json\/wp\/v2\/categories?post=8741"},{"taxonomy":"post_tag","embeddable":true,"href":"https:\/\/radiostudiow.com.br\/site\/wp-json\/wp\/v2\/tags?post=8741"}],"curies":[{"name":"wp","href":"https:\/\/api.w.org\/{rel}","templated":true}]}}