{"id":8745,"date":"2022-08-26T18:13:59","date_gmt":"2022-08-26T21:13:59","guid":{"rendered":"https:\/\/radiostudiow.com.br\/site\/?p=8745"},"modified":"2025-01-31T15:09:57","modified_gmt":"2025-01-31T18:09:57","slug":"familia-busca-ajuda-apos-perder-tudo-em-incendio-no-interior-de-sao-joao-do-triunfo","status":"publish","type":"post","link":"https:\/\/radiostudiow.com.br\/site\/2022\/08\/26\/familia-busca-ajuda-apos-perder-tudo-em-incendio-no-interior-de-sao-joao-do-triunfo\/","title":{"rendered":"Fam\u00edlia busca ajuda ap\u00f3s perder tudo em inc\u00eandio no interior de S\u00e3o Jo\u00e3o do Triunfo"},"content":{"rendered":"\n<figure class=\"wp-block-image size-full\"><img decoding=\"async\" src=\"https:\/\/radiostudiow.com.br\/site\/wp-content\/uploads\/2022\/07\/image.png\" alt=\"\" class=\"wp-image-8317\"\/><\/figure>\n\n\n\n<p>Uma resid\u00eancia no interior de S\u00e3o Jo\u00e3o do Triunfo, na localidade de Col\u00f4nia Lagoa em Vila Palmira, foi consumida pelo fogo no fim da tarde de quinta-feira (25).<\/p>\n\n\n\n<p>A fam\u00edlia perdeu todos os itens que estavam dentro da casa e pede ajuda com doa\u00e7\u00f5es. Moravam na casa seis pessoas, sendo o casal e quatro crian\u00e7as: tr\u00eas meninos de 2, 4 e 7 anos e uma menina que recentemente completou 1 ano.<\/p>\n\n\n\n<p><strong>Os interessados em colaborar podem entrar em contato no telefone: (42) 42 99813-2373.<\/strong><\/p>\n\n\n\n<figure class=\"wp-block-image size-full\"><img decoding=\"async\" src=\"https:\/\/radiostudiow.com.br\/site\/wp-content\/uploads\/2022\/07\/IMOB-SUL.jpg\" alt=\"\" class=\"wp-image-8292\"\/><\/figure>\n\n\n\n<p>As causas do inc\u00eandio n\u00e3o foram divulgadas oficialmente.<video controls=\"\" src=\"https:\/\/portalrdx.com.br\/wp-content\/uploads\/2022\/08\/WhatsApp-Video-2022-08-26-at-10.54.31.mp4\"><\/video><\/p>\n\n\n\n<p><\/p>\n","protected":false},"excerpt":{"rendered":"<p>Uma resid\u00eancia no interior de S\u00e3o Jo\u00e3o do Triunfo, na localidade de Col\u00f4nia Lagoa em Vila Palmira, foi consumida pelo fogo no fim da tarde de quinta-feira (25). A fam\u00edlia perdeu todos os itens que estavam dentro da casa e pede ajuda com doa\u00e7\u00f5es. Moravam na casa seis pessoas, sendo o casal e quatro crian\u00e7as: [&hellip;]<\/p>\n","protected":false},"author":2,"featured_media":0,"comment_status":"open","ping_status":"open","sticky":false,"template":"","format":"standard","meta":{"footnotes":""},"categories":[2],"tags":[172],"class_list":["post-8745","post","type-post","status-publish","format-standard","hentry","category-policial","tag-featured"],"amp_enabled":true,"_links":{"self":[{"href":"https:\/\/radiostudiow.com.br\/site\/wp-json\/wp\/v2\/posts\/8745","targetHints":{"allow":["GET"]}}],"collection":[{"href":"https:\/\/radiostudiow.com.br\/site\/wp-json\/wp\/v2\/posts"}],"about":[{"href":"https:\/\/radiostudiow.com.br\/site\/wp-json\/wp\/v2\/types\/post"}],"author":[{"embeddable":true,"href":"https:\/\/radiostudiow.com.br\/site\/wp-json\/wp\/v2\/users\/2"}],"replies":[{"embeddable":true,"href":"https:\/\/radiostudiow.com.br\/site\/wp-json\/wp\/v2\/comments?post=8745"}],"version-history":[{"count":1,"href":"https:\/\/radiostudiow.com.br\/site\/wp-json\/wp\/v2\/posts\/8745\/revisions"}],"predecessor-version":[{"id":8748,"href":"https:\/\/radiostudiow.com.br\/site\/wp-json\/wp\/v2\/posts\/8745\/revisions\/8748"}],"wp:attachment":[{"href":"https:\/\/radiostudiow.com.br\/site\/wp-json\/wp\/v2\/media?parent=8745"}],"wp:term":[{"taxonomy":"category","embeddable":true,"href":"https:\/\/radiostudiow.com.br\/site\/wp-json\/wp\/v2\/categories?post=8745"},{"taxonomy":"post_tag","embeddable":true,"href":"https:\/\/radiostudiow.com.br\/site\/wp-json\/wp\/v2\/tags?post=8745"}],"curies":[{"name":"wp","href":"https:\/\/api.w.org\/{rel}","templated":true}]}}