{"id":8749,"date":"2022-08-27T08:58:03","date_gmt":"2022-08-27T11:58:03","guid":{"rendered":"https:\/\/radiostudiow.com.br\/site\/?p=8749"},"modified":"2025-01-31T15:09:57","modified_gmt":"2025-01-31T18:09:57","slug":"adolescente-e-agredida-por-casal-em-cruz-machado","status":"publish","type":"post","link":"https:\/\/radiostudiow.com.br\/site\/2022\/08\/27\/adolescente-e-agredida-por-casal-em-cruz-machado\/","title":{"rendered":"ADOLESCENTE \u00c9 AGREDIDA POR CASAL EM CRUZ MACHADO"},"content":{"rendered":"\n<p>A adolescente de 15 anos de idade, compareceu ao Pelot\u00e3o da Policia Militar de Cruz Machado durante essa quinta-feira, 25 de agosto, a qual relatou que foi perseguida e agredida em via p\u00fablica por um casal em um ve\u00edculo Honda\/City.<\/p>\n\n\n\n<figure class=\"wp-block-image size-full\"><img decoding=\"async\" src=\"https:\/\/radiostudiow.com.br\/site\/wp-content\/uploads\/2022\/07\/BAHNIUK.jpg\" alt=\"\" class=\"wp-image-8307\"\/><\/figure>\n\n\n\n<p>A v\u00edtima disse que saiu da escola e retornava para casa por volta das 17:30 horas dessa quarta-feira (25), quando percebeu que estava sendo seguida pelo ve\u00edculo. Em seguido o carro tentou atropelar a adolescente que conseguiu se esquivar. <\/p>\n\n\n\n<p>Momentos depois o ve\u00edculo parou e um homem segurou a v\u00edtima, enquanto uma mulher lhe agrediu.<\/p>\n\n\n\n<p>A adolescente foi agredida com chutes e socos na face e no abd\u00f4men, os quais causaram hematomas no olho esquerdo. Ap\u00f3s as agress\u00f5es o casal embarcou no carro e se evadiu.<\/p>\n\n\n\n<p>A v\u00edtima e sua m\u00e3e foram orientadas pela Pol\u00edcia quanto aos procedimentos.<\/p>\n\n\n\n<figure class=\"wp-block-image size-full\"><img decoding=\"async\" src=\"https:\/\/radiostudiow.com.br\/site\/wp-content\/uploads\/2022\/08\/image.png\" alt=\"\" class=\"wp-image-8498\"\/><\/figure>\n","protected":false},"excerpt":{"rendered":"<p>A adolescente de 15 anos de idade, compareceu ao Pelot\u00e3o da Policia Militar de Cruz Machado durante essa quinta-feira, 25 de agosto, a qual relatou que foi perseguida e agredida em via p\u00fablica por um casal em um ve\u00edculo Honda\/City. A v\u00edtima disse que saiu da escola e retornava para casa por volta das 17:30 [&hellip;]<\/p>\n","protected":false},"author":2,"featured_media":0,"comment_status":"open","ping_status":"open","sticky":false,"template":"","format":"standard","meta":{"footnotes":""},"categories":[2],"tags":[172],"class_list":["post-8749","post","type-post","status-publish","format-standard","hentry","category-policial","tag-featured"],"amp_enabled":true,"_links":{"self":[{"href":"https:\/\/radiostudiow.com.br\/site\/wp-json\/wp\/v2\/posts\/8749","targetHints":{"allow":["GET"]}}],"collection":[{"href":"https:\/\/radiostudiow.com.br\/site\/wp-json\/wp\/v2\/posts"}],"about":[{"href":"https:\/\/radiostudiow.com.br\/site\/wp-json\/wp\/v2\/types\/post"}],"author":[{"embeddable":true,"href":"https:\/\/radiostudiow.com.br\/site\/wp-json\/wp\/v2\/users\/2"}],"replies":[{"embeddable":true,"href":"https:\/\/radiostudiow.com.br\/site\/wp-json\/wp\/v2\/comments?post=8749"}],"version-history":[{"count":1,"href":"https:\/\/radiostudiow.com.br\/site\/wp-json\/wp\/v2\/posts\/8749\/revisions"}],"predecessor-version":[{"id":8750,"href":"https:\/\/radiostudiow.com.br\/site\/wp-json\/wp\/v2\/posts\/8749\/revisions\/8750"}],"wp:attachment":[{"href":"https:\/\/radiostudiow.com.br\/site\/wp-json\/wp\/v2\/media?parent=8749"}],"wp:term":[{"taxonomy":"category","embeddable":true,"href":"https:\/\/radiostudiow.com.br\/site\/wp-json\/wp\/v2\/categories?post=8749"},{"taxonomy":"post_tag","embeddable":true,"href":"https:\/\/radiostudiow.com.br\/site\/wp-json\/wp\/v2\/tags?post=8749"}],"curies":[{"name":"wp","href":"https:\/\/api.w.org\/{rel}","templated":true}]}}