{"id":8751,"date":"2022-08-27T09:46:53","date_gmt":"2022-08-27T12:46:53","guid":{"rendered":"https:\/\/radiostudiow.com.br\/site\/?p=8751"},"modified":"2025-01-31T15:09:57","modified_gmt":"2025-01-31T18:09:57","slug":"em-cruz-machado-restaurantes-sao-interditados-por-risco-aos-consumidores","status":"publish","type":"post","link":"https:\/\/radiostudiow.com.br\/site\/2022\/08\/27\/em-cruz-machado-restaurantes-sao-interditados-por-risco-aos-consumidores\/","title":{"rendered":"EM CRUZ MACHADO, RESTAURANTES S\u00c3O INTERDITADOS POR RISCO AOS CONSUMIDORES"},"content":{"rendered":"\n<figure class=\"wp-block-image size-full\"><img decoding=\"async\" src=\"https:\/\/radiostudiow.com.br\/site\/wp-content\/uploads\/2022\/06\/vem_ai.jpg\" alt=\"\" class=\"wp-image-7789\"\/><\/figure>\n\n\n\n<p>Uma a\u00e7\u00e3o de rotina de fiscaliza\u00e7\u00e3o da Vigil\u00e2ncia Municipal e 6\u00b0 Regional de Sa\u00fade de Cruz Machado nessa quinta-feira, 25 de agosto, interditou tr\u00eas restaurantes da cidade apresentavam irregularidades.<\/p>\n\n\n\n<p>O motivo do fechamento dos restaurantes foi condi\u00e7\u00f5es prec\u00e1rias de funcionamento e riscos aos consumidores. Um deles estava com a estrutura f\u00edsica incompat\u00edvel e os outros dois n\u00e3o atendiam as condi\u00e7\u00f5es b\u00e1sicas de higiene. Os locais foram lacrados pela fiscaliza\u00e7\u00e3o.<\/p>\n\n\n\n<figure class=\"wp-block-image size-full\"><img decoding=\"async\" src=\"https:\/\/radiostudiow.com.br\/site\/wp-content\/uploads\/2022\/06\/SICREDI.jpg\" alt=\"\" class=\"wp-image-7695\"\/><\/figure>\n","protected":false},"excerpt":{"rendered":"<p>Uma a\u00e7\u00e3o de rotina de fiscaliza\u00e7\u00e3o da Vigil\u00e2ncia Municipal e 6\u00b0 Regional de Sa\u00fade de Cruz Machado nessa quinta-feira, 25 de agosto, interditou tr\u00eas restaurantes da cidade apresentavam irregularidades. O motivo do fechamento dos restaurantes foi condi\u00e7\u00f5es prec\u00e1rias de funcionamento e riscos aos consumidores. Um deles estava com a estrutura f\u00edsica incompat\u00edvel e os outros [&hellip;]<\/p>\n","protected":false},"author":2,"featured_media":0,"comment_status":"open","ping_status":"open","sticky":false,"template":"","format":"standard","meta":{"footnotes":""},"categories":[2],"tags":[172],"class_list":["post-8751","post","type-post","status-publish","format-standard","hentry","category-policial","tag-featured"],"amp_enabled":true,"_links":{"self":[{"href":"https:\/\/radiostudiow.com.br\/site\/wp-json\/wp\/v2\/posts\/8751","targetHints":{"allow":["GET"]}}],"collection":[{"href":"https:\/\/radiostudiow.com.br\/site\/wp-json\/wp\/v2\/posts"}],"about":[{"href":"https:\/\/radiostudiow.com.br\/site\/wp-json\/wp\/v2\/types\/post"}],"author":[{"embeddable":true,"href":"https:\/\/radiostudiow.com.br\/site\/wp-json\/wp\/v2\/users\/2"}],"replies":[{"embeddable":true,"href":"https:\/\/radiostudiow.com.br\/site\/wp-json\/wp\/v2\/comments?post=8751"}],"version-history":[{"count":1,"href":"https:\/\/radiostudiow.com.br\/site\/wp-json\/wp\/v2\/posts\/8751\/revisions"}],"predecessor-version":[{"id":8753,"href":"https:\/\/radiostudiow.com.br\/site\/wp-json\/wp\/v2\/posts\/8751\/revisions\/8753"}],"wp:attachment":[{"href":"https:\/\/radiostudiow.com.br\/site\/wp-json\/wp\/v2\/media?parent=8751"}],"wp:term":[{"taxonomy":"category","embeddable":true,"href":"https:\/\/radiostudiow.com.br\/site\/wp-json\/wp\/v2\/categories?post=8751"},{"taxonomy":"post_tag","embeddable":true,"href":"https:\/\/radiostudiow.com.br\/site\/wp-json\/wp\/v2\/tags?post=8751"}],"curies":[{"name":"wp","href":"https:\/\/api.w.org\/{rel}","templated":true}]}}