{"id":8755,"date":"2022-08-27T11:34:32","date_gmt":"2022-08-27T14:34:32","guid":{"rendered":"https:\/\/radiostudiow.com.br\/site\/?p=8755"},"modified":"2025-01-31T15:09:57","modified_gmt":"2025-01-31T18:09:57","slug":"pm-de-mallet-e-acionada-apos-discussao-em-via-publica","status":"publish","type":"post","link":"https:\/\/radiostudiow.com.br\/site\/2022\/08\/27\/pm-de-mallet-e-acionada-apos-discussao-em-via-publica\/","title":{"rendered":"PM DE MALLET \u00c9 ACIONADA AP\u00d3S DISCUSS\u00c3O EM VIA P\u00daBLICA"},"content":{"rendered":"\n<figure class=\"wp-block-image size-full\"><img decoding=\"async\" src=\"https:\/\/radiostudiow.com.br\/site\/wp-content\/uploads\/2022\/07\/IMOB-SUL.jpg\" alt=\"\" class=\"wp-image-8292\"\/><\/figure>\n\n\n\n<p>A equipe da Pol\u00edcia Militar de Mallet foi acionada via sistema unificado para atender uma ocorr\u00eancia de discuss\u00e3o e amea\u00e7a em via p\u00fabica.<\/p>\n\n\n\n<p>A situa\u00e7\u00e3o foi registrada por volta das 19:45 horas dessa sexta-feira, 26 de agosto, no bairro Jardim Em\u00edlia.<\/p>\n\n\n\n<p>Os policiais de imediato se deslocaram at\u00e9 o local, entraram em contato com as partes, os quais falaram que houve uma discuss\u00e3o devido a uma divida referente \u00e0 venda de um aparelho celular. Os envolvidos negaram que tenha havido qualquer tipo de amea\u00e7a.<\/p>\n\n\n\n<p>Diante da situa\u00e7\u00e3o as partes foram orientadas que se trata de causa c\u00edvel, sendo todos liberados no local.<\/p>\n\n\n\n<figure class=\"wp-block-image size-full\"><img decoding=\"async\" src=\"https:\/\/radiostudiow.com.br\/site\/wp-content\/uploads\/2022\/04\/SEPAC.jpg\" alt=\"\" class=\"wp-image-7113\"\/><\/figure>\n","protected":false},"excerpt":{"rendered":"<p>A equipe da Pol\u00edcia Militar de Mallet foi acionada via sistema unificado para atender uma ocorr\u00eancia de discuss\u00e3o e amea\u00e7a em via p\u00fabica. A situa\u00e7\u00e3o foi registrada por volta das 19:45 horas dessa sexta-feira, 26 de agosto, no bairro Jardim Em\u00edlia. Os policiais de imediato se deslocaram at\u00e9 o local, entraram em contato com as [&hellip;]<\/p>\n","protected":false},"author":2,"featured_media":8143,"comment_status":"open","ping_status":"open","sticky":false,"template":"","format":"standard","meta":{"footnotes":""},"categories":[2],"tags":[172],"class_list":["post-8755","post","type-post","status-publish","format-standard","has-post-thumbnail","hentry","category-policial","tag-featured"],"amp_enabled":true,"_links":{"self":[{"href":"https:\/\/radiostudiow.com.br\/site\/wp-json\/wp\/v2\/posts\/8755","targetHints":{"allow":["GET"]}}],"collection":[{"href":"https:\/\/radiostudiow.com.br\/site\/wp-json\/wp\/v2\/posts"}],"about":[{"href":"https:\/\/radiostudiow.com.br\/site\/wp-json\/wp\/v2\/types\/post"}],"author":[{"embeddable":true,"href":"https:\/\/radiostudiow.com.br\/site\/wp-json\/wp\/v2\/users\/2"}],"replies":[{"embeddable":true,"href":"https:\/\/radiostudiow.com.br\/site\/wp-json\/wp\/v2\/comments?post=8755"}],"version-history":[{"count":1,"href":"https:\/\/radiostudiow.com.br\/site\/wp-json\/wp\/v2\/posts\/8755\/revisions"}],"predecessor-version":[{"id":8756,"href":"https:\/\/radiostudiow.com.br\/site\/wp-json\/wp\/v2\/posts\/8755\/revisions\/8756"}],"wp:featuredmedia":[{"embeddable":true,"href":"https:\/\/radiostudiow.com.br\/site\/wp-json\/wp\/v2\/media\/8143"}],"wp:attachment":[{"href":"https:\/\/radiostudiow.com.br\/site\/wp-json\/wp\/v2\/media?parent=8755"}],"wp:term":[{"taxonomy":"category","embeddable":true,"href":"https:\/\/radiostudiow.com.br\/site\/wp-json\/wp\/v2\/categories?post=8755"},{"taxonomy":"post_tag","embeddable":true,"href":"https:\/\/radiostudiow.com.br\/site\/wp-json\/wp\/v2\/tags?post=8755"}],"curies":[{"name":"wp","href":"https:\/\/api.w.org\/{rel}","templated":true}]}}