{"id":8761,"date":"2022-08-30T10:58:04","date_gmt":"2022-08-30T13:58:04","guid":{"rendered":"https:\/\/radiostudiow.com.br\/site\/?p=8761"},"modified":"2025-01-31T15:09:57","modified_gmt":"2025-01-31T18:09:57","slug":"crime-brutal-em-guarapuava-mulher-matou-os-filhos-e-fica-supresa-ao-saber-que-seria-presa","status":"publish","type":"post","link":"https:\/\/radiostudiow.com.br\/site\/2022\/08\/30\/crime-brutal-em-guarapuava-mulher-matou-os-filhos-e-fica-supresa-ao-saber-que-seria-presa\/","title":{"rendered":"CRIME BRUTAL EM GUARAPUAVA. MULHER MATOU OS FILHOS E FICA SUPRESA AO SABER QUE SERIA PRESA"},"content":{"rendered":"\n<p>A ju\u00edza Liliane Graciele Breitwisser decretou nesta segunda-feira (29) a pris\u00e3o preventiva da mulher suspeita de matar os dois filhos em Guarapuava, na regi\u00e3o sul do estado. De acordo com a decis\u00e3o da Justi\u00e7a, a manuten\u00e7\u00e3o da pris\u00e3o \u00e9 necess\u00e1ria para garantir que a investiga\u00e7\u00e3o do caso ocorra de maneira adequada, afastando o risco da produ\u00e7\u00e3o de provas que possam prejudicar a apura\u00e7\u00e3o dos fatos.<\/p>\n\n\n\n<figure class=\"wp-block-image size-full\"><img decoding=\"async\" src=\"https:\/\/radiostudiow.com.br\/site\/wp-content\/uploads\/2022\/07\/BAHNIUK.jpg\" alt=\"\" class=\"wp-image-8307\"\/><\/figure>\n\n\n\n<p>Ainda nesta segunda-feira, a mulher passou por uma audi\u00eancia de cust\u00f3dia, mas a justi\u00e7a manteve a decis\u00e3o da pris\u00e3o. Um advogado chegou a ser apresentado como representante da suspeita, mas j\u00e1 adiantou que n\u00e3o ficar\u00e1 com o caso. Desta forma, a m\u00e3e permanece sem advogado.<\/p>\n\n\n\n<p><strong>Mulher ficou surpresa com a pris\u00e3o<\/strong><\/p>\n\n\n\n<p>A delegada Ana Hass, respons\u00e1vel pela investiga\u00e7\u00e3o das mortes de duas crian\u00e7as, de 3 e 10 anos, em Guarapuava, contou que a m\u00e3e das v\u00edtimas, que confessou ter cometido os crimes, ficou chocada ao saber que seria presa.<\/p>\n\n\n\n<p>Delegada descreveu que a suspeita de 31 anos, recebeu os policiais no apartamento onde morava, no Centro de Guarapuava, e que a princ\u00edpio passou a relatar para todos o que teria acontecido, dando detalhes sobre a morte das crian\u00e7as. A suspeita foi levada para a delegacia da cidade e, em depoimento oficial, preferiu permanecer em sil\u00eancio. Ao saber que seria presa e transferida para a unidade feminina da Cadeia P\u00fablica de Pitanga, ficou abalada e come\u00e7ou a chorar.<\/p>\n\n\n\n<figure class=\"wp-block-image size-full\"><img decoding=\"async\" src=\"https:\/\/radiostudiow.com.br\/site\/wp-content\/uploads\/2022\/07\/image.png\" alt=\"\" class=\"wp-image-8317\"\/><\/figure>\n\n\n\n<p><em>\u201cA \u00fanica vez que de fato pareceu que ela ficou consternada e teve um choro verdadeiro foi quando ela tomou no\u00e7\u00e3o da realidade de que ela ficaria presa. A\u00ed sim ela ficou realmente mais consternada. E ap\u00f3s o interrogat\u00f3rio oficial aqui na delegacia, a\u00ed quando foi de fato caindo a ficha que ela ficaria no departamento penitenci\u00e1rio, que seria removida para outra cidade depois, onde ficam as mulheres presas provisoriamente, a\u00ed realmente ela se chocou e passou a falar muito de advogado, de querer ligar para advogado. A todo tempo ela fala muito dela, sempre muito dela, n\u00e3o vejo arrependimento, mas eu vejo assim a no\u00e7\u00e3o da realidade\u201d, descreveu a delegada.<\/em><\/p>\n\n\n\n<p><strong>O caso<\/strong><\/p>\n\n\n\n<p>Eliara foi presa no apartamento onde morava no Centro de Guarapuava, ap\u00f3s ligar para um amigo advogado e contar que tinha matado os dois filhos neste s\u00e1bado (27). O advogado foi quem avisou a pol\u00edcia, que foi at\u00e9 o local e encontrou as crian\u00e7as mortas.<\/p>\n\n\n\n<p>De acordo com a pol\u00edcia, a suspeita disse que matou o menino de 3 anos no dia 13 de agosto, e que depois assassinou a filha, de 10 anos, no dia 17 de agosto. Ela ainda relatou que pretendia cometer suic\u00eddio e justificou que estava cansada de cuidar das crian\u00e7as. A informa\u00e7\u00e3o sobre o intervalo entre as mortes ainda ser\u00e1 confirmada atrav\u00e9s de per\u00edcia.<\/p>\n\n\n\n<p>Ap\u00f3s os assassinatos, a mulher teria deixado os corpos em seu quarto, em cima da cama, cobertos. Ela seguiu residindo no apartamento normalmente por cerca de 14 dias, at\u00e9 avisar o amigo. Quando foram encontrados, os corpos das crian\u00e7as j\u00e1 estavam em estado de decomposi\u00e7\u00e3o. A m\u00e3e confessou os crimes, foi presa em flagrante pelos homic\u00eddios, por oculta\u00e7\u00e3o de cad\u00e1ver e fraude processual.<\/p>\n\n\n\n<p>Os corpos das crian\u00e7as foram velados e sepultados nesta segunda-feira (29), em Itaja\u00ed (SC).<\/p>\n\n\n\n<p><\/p>\n\n\n\n<figure class=\"wp-block-image size-full\"><img decoding=\"async\" src=\"https:\/\/radiostudiow.com.br\/site\/wp-content\/uploads\/2022\/07\/IMOB-SUL.jpg\" alt=\"\" class=\"wp-image-8292\"\/><\/figure>\n","protected":false},"excerpt":{"rendered":"<p>A ju\u00edza Liliane Graciele Breitwisser decretou nesta segunda-feira (29) a pris\u00e3o preventiva da mulher suspeita de matar os dois filhos em Guarapuava, na regi\u00e3o sul do estado. De acordo com a decis\u00e3o da Justi\u00e7a, a manuten\u00e7\u00e3o da pris\u00e3o \u00e9 necess\u00e1ria para garantir que a investiga\u00e7\u00e3o do caso ocorra de maneira adequada, afastando o risco da [&hellip;]<\/p>\n","protected":false},"author":2,"featured_media":0,"comment_status":"open","ping_status":"open","sticky":false,"template":"","format":"standard","meta":{"footnotes":""},"categories":[2],"tags":[172],"class_list":["post-8761","post","type-post","status-publish","format-standard","hentry","category-policial","tag-featured"],"amp_enabled":true,"_links":{"self":[{"href":"https:\/\/radiostudiow.com.br\/site\/wp-json\/wp\/v2\/posts\/8761","targetHints":{"allow":["GET"]}}],"collection":[{"href":"https:\/\/radiostudiow.com.br\/site\/wp-json\/wp\/v2\/posts"}],"about":[{"href":"https:\/\/radiostudiow.com.br\/site\/wp-json\/wp\/v2\/types\/post"}],"author":[{"embeddable":true,"href":"https:\/\/radiostudiow.com.br\/site\/wp-json\/wp\/v2\/users\/2"}],"replies":[{"embeddable":true,"href":"https:\/\/radiostudiow.com.br\/site\/wp-json\/wp\/v2\/comments?post=8761"}],"version-history":[{"count":2,"href":"https:\/\/radiostudiow.com.br\/site\/wp-json\/wp\/v2\/posts\/8761\/revisions"}],"predecessor-version":[{"id":8767,"href":"https:\/\/radiostudiow.com.br\/site\/wp-json\/wp\/v2\/posts\/8761\/revisions\/8767"}],"wp:attachment":[{"href":"https:\/\/radiostudiow.com.br\/site\/wp-json\/wp\/v2\/media?parent=8761"}],"wp:term":[{"taxonomy":"category","embeddable":true,"href":"https:\/\/radiostudiow.com.br\/site\/wp-json\/wp\/v2\/categories?post=8761"},{"taxonomy":"post_tag","embeddable":true,"href":"https:\/\/radiostudiow.com.br\/site\/wp-json\/wp\/v2\/tags?post=8761"}],"curies":[{"name":"wp","href":"https:\/\/api.w.org\/{rel}","templated":true}]}}