{"id":8763,"date":"2022-08-30T10:49:34","date_gmt":"2022-08-30T13:49:34","guid":{"rendered":"https:\/\/radiostudiow.com.br\/site\/?p=8763"},"modified":"2025-01-31T15:09:57","modified_gmt":"2025-01-31T18:09:57","slug":"celulares-notebook-e-relogios-sao-furtados-de-loja-em-general-carneiro","status":"publish","type":"post","link":"https:\/\/radiostudiow.com.br\/site\/2022\/08\/30\/celulares-notebook-e-relogios-sao-furtados-de-loja-em-general-carneiro\/","title":{"rendered":"Celulares, notebook e rel\u00f3gios s\u00e3o furtados de loja em General Carneiro"},"content":{"rendered":"\n<figure class=\"wp-block-image size-full\"><img decoding=\"async\" src=\"https:\/\/radiostudiow.com.br\/site\/wp-content\/uploads\/2022\/06\/vem_ai.jpg\" alt=\"\" class=\"wp-image-7789\"\/><\/figure>\n\n\n\n<p>Um empres\u00e1rio de General Carneiro procurou a Pol\u00edcia Militar para registrar ocorr\u00eancia de furto em seu estabelecimento comercial nesse domingo (28).<\/p>\n\n\n\n<p>De acordo com a v\u00edtima, um homem quebrou uma das vidra\u00e7as da frente de sua loja e adentrou no local, furtando celulares, notebook e rel\u00f3gios. C\u00e2meras de seguran\u00e7a flagraram a a\u00e7\u00e3o do meliante.<\/p>\n\n\n\n<p>A Pol\u00edcia Militar orientou o solicitante quanto aos procedimentos cab\u00edveis. O caso tamb\u00e9m ser\u00e1 repassado para a Pol\u00edcia Civil que far\u00e1 a investiga\u00e7\u00e3o.<\/p>\n\n\n\n<figure class=\"wp-block-image size-full\"><img decoding=\"async\" src=\"https:\/\/radiostudiow.com.br\/site\/wp-content\/uploads\/2022\/08\/image.png\" alt=\"\" class=\"wp-image-8498\"\/><\/figure>\n","protected":false},"excerpt":{"rendered":"<p>Um empres\u00e1rio de General Carneiro procurou a Pol\u00edcia Militar para registrar ocorr\u00eancia de furto em seu estabelecimento comercial nesse domingo (28). De acordo com a v\u00edtima, um homem quebrou uma das vidra\u00e7as da frente de sua loja e adentrou no local, furtando celulares, notebook e rel\u00f3gios. C\u00e2meras de seguran\u00e7a flagraram a a\u00e7\u00e3o do meliante. A [&hellip;]<\/p>\n","protected":false},"author":2,"featured_media":7610,"comment_status":"open","ping_status":"open","sticky":false,"template":"","format":"standard","meta":{"footnotes":""},"categories":[2],"tags":[172],"class_list":["post-8763","post","type-post","status-publish","format-standard","has-post-thumbnail","hentry","category-policial","tag-featured"],"amp_enabled":true,"_links":{"self":[{"href":"https:\/\/radiostudiow.com.br\/site\/wp-json\/wp\/v2\/posts\/8763","targetHints":{"allow":["GET"]}}],"collection":[{"href":"https:\/\/radiostudiow.com.br\/site\/wp-json\/wp\/v2\/posts"}],"about":[{"href":"https:\/\/radiostudiow.com.br\/site\/wp-json\/wp\/v2\/types\/post"}],"author":[{"embeddable":true,"href":"https:\/\/radiostudiow.com.br\/site\/wp-json\/wp\/v2\/users\/2"}],"replies":[{"embeddable":true,"href":"https:\/\/radiostudiow.com.br\/site\/wp-json\/wp\/v2\/comments?post=8763"}],"version-history":[{"count":1,"href":"https:\/\/radiostudiow.com.br\/site\/wp-json\/wp\/v2\/posts\/8763\/revisions"}],"predecessor-version":[{"id":8764,"href":"https:\/\/radiostudiow.com.br\/site\/wp-json\/wp\/v2\/posts\/8763\/revisions\/8764"}],"wp:featuredmedia":[{"embeddable":true,"href":"https:\/\/radiostudiow.com.br\/site\/wp-json\/wp\/v2\/media\/7610"}],"wp:attachment":[{"href":"https:\/\/radiostudiow.com.br\/site\/wp-json\/wp\/v2\/media?parent=8763"}],"wp:term":[{"taxonomy":"category","embeddable":true,"href":"https:\/\/radiostudiow.com.br\/site\/wp-json\/wp\/v2\/categories?post=8763"},{"taxonomy":"post_tag","embeddable":true,"href":"https:\/\/radiostudiow.com.br\/site\/wp-json\/wp\/v2\/tags?post=8763"}],"curies":[{"name":"wp","href":"https:\/\/api.w.org\/{rel}","templated":true}]}}