{"id":8768,"date":"2022-08-30T11:32:40","date_gmt":"2022-08-30T14:32:40","guid":{"rendered":"https:\/\/radiostudiow.com.br\/site\/?p=8768"},"modified":"2025-01-31T15:09:57","modified_gmt":"2025-01-31T18:09:57","slug":"caminhoneiro-fica-ferido-apos-acidente-em-sao-mateus-do-sul","status":"publish","type":"post","link":"https:\/\/radiostudiow.com.br\/site\/2022\/08\/30\/caminhoneiro-fica-ferido-apos-acidente-em-sao-mateus-do-sul\/","title":{"rendered":"Caminhoneiro fica ferido ap\u00f3s acidente em S\u00e3o Mateus do Sul"},"content":{"rendered":"\n<figure class=\"wp-block-image size-full\"><img decoding=\"async\" src=\"https:\/\/radiostudiow.com.br\/site\/wp-content\/uploads\/2022\/07\/CAFE.jpg\" alt=\"\" class=\"wp-image-8288\"\/><\/figure>\n\n\n\n<p>Um caminhoneiro ficou ferido ap\u00f3s se envolver em um acidente do tipo tombamento com um caminh\u00e3o IVECO de cor branca, carregado com MDF, na BR-476, na altura do quil\u00f4metro 315, no trecho entre S\u00e3o Mateus do Sul e Uni\u00e3o da Vit\u00f3ria na noite dessa segunda-feira (29).<\/p>\n\n\n\n<p>A ocorr\u00eancia foi atendida inicialmente pela Pol\u00edcia Rodovi\u00e1ria Estadual (PRE), Corpo de Bombeiros e depois repassada \u00e0 Pol\u00edcia Rodovi\u00e1ria Federal (PRF).<\/p>\n\n\n\n<p>Uma equipe da PRE que passava pelo local prestou os primeiros socorros e acionou a equipe do Corpo de Bombeiros de S\u00e3o Mateus do Sul, que atrav\u00e9s da viatura do Siate, encaminharam a v\u00edtima de 50 anos com ferimentos leves ao Pronto Atendimento Municipal.<\/p>\n\n\n\n<p>Segundo informa\u00e7\u00f5es, a PRF foi chamada para atender o caso, mas ao mesmo tempo, a equipe atendia outra situa\u00e7\u00e3o pr\u00f3ximo \u00e0 cidade de General Carneiro, o que causou demora para chegar ao local e dar continuidade no atendimento, e assim liberar a equipe da PRE. As causas do acidente n\u00e3o foram divulgadas.<\/p>\n\n\n\n<figure class=\"wp-block-image size-full\"><img decoding=\"async\" src=\"https:\/\/radiostudiow.com.br\/site\/wp-content\/uploads\/2022\/05\/SEPAC.jpg\" alt=\"\" class=\"wp-image-7600\"\/><\/figure>\n\n\n\n<figure class=\"wp-block-image size-full\"><img decoding=\"async\" src=\"https:\/\/radiostudiow.com.br\/site\/wp-content\/uploads\/2022\/08\/302170336_479725464012830_8332441876088016036_n-1.jpg\" alt=\"\" class=\"wp-image-8772\"\/><\/figure>\n","protected":false},"excerpt":{"rendered":"<p>Um caminhoneiro ficou ferido ap\u00f3s se envolver em um acidente do tipo tombamento com um caminh\u00e3o IVECO de cor branca, carregado com MDF, na BR-476, na altura do quil\u00f4metro 315, no trecho entre S\u00e3o Mateus do Sul e Uni\u00e3o da Vit\u00f3ria na noite dessa segunda-feira (29). A ocorr\u00eancia foi atendida inicialmente pela Pol\u00edcia Rodovi\u00e1ria Estadual [&hellip;]<\/p>\n","protected":false},"author":2,"featured_media":0,"comment_status":"open","ping_status":"open","sticky":false,"template":"","format":"standard","meta":{"footnotes":""},"categories":[2],"tags":[172],"class_list":["post-8768","post","type-post","status-publish","format-standard","hentry","category-policial","tag-featured"],"amp_enabled":true,"_links":{"self":[{"href":"https:\/\/radiostudiow.com.br\/site\/wp-json\/wp\/v2\/posts\/8768","targetHints":{"allow":["GET"]}}],"collection":[{"href":"https:\/\/radiostudiow.com.br\/site\/wp-json\/wp\/v2\/posts"}],"about":[{"href":"https:\/\/radiostudiow.com.br\/site\/wp-json\/wp\/v2\/types\/post"}],"author":[{"embeddable":true,"href":"https:\/\/radiostudiow.com.br\/site\/wp-json\/wp\/v2\/users\/2"}],"replies":[{"embeddable":true,"href":"https:\/\/radiostudiow.com.br\/site\/wp-json\/wp\/v2\/comments?post=8768"}],"version-history":[{"count":2,"href":"https:\/\/radiostudiow.com.br\/site\/wp-json\/wp\/v2\/posts\/8768\/revisions"}],"predecessor-version":[{"id":8773,"href":"https:\/\/radiostudiow.com.br\/site\/wp-json\/wp\/v2\/posts\/8768\/revisions\/8773"}],"wp:attachment":[{"href":"https:\/\/radiostudiow.com.br\/site\/wp-json\/wp\/v2\/media?parent=8768"}],"wp:term":[{"taxonomy":"category","embeddable":true,"href":"https:\/\/radiostudiow.com.br\/site\/wp-json\/wp\/v2\/categories?post=8768"},{"taxonomy":"post_tag","embeddable":true,"href":"https:\/\/radiostudiow.com.br\/site\/wp-json\/wp\/v2\/tags?post=8768"}],"curies":[{"name":"wp","href":"https:\/\/api.w.org\/{rel}","templated":true}]}}