{"id":8779,"date":"2022-08-31T11:06:43","date_gmt":"2022-08-31T14:06:43","guid":{"rendered":"https:\/\/radiostudiow.com.br\/site\/?p=8779"},"modified":"2025-01-31T15:09:57","modified_gmt":"2025-01-31T18:09:57","slug":"pm-de-sao-mateus-do-sul-registra-furto-em-residencia","status":"publish","type":"post","link":"https:\/\/radiostudiow.com.br\/site\/2022\/08\/31\/pm-de-sao-mateus-do-sul-registra-furto-em-residencia\/","title":{"rendered":"PM de S\u00e3o Mateus do Sul registra furto em resid\u00eancia"},"content":{"rendered":"\n<figure class=\"wp-block-image size-full\"><img decoding=\"async\" src=\"https:\/\/radiostudiow.com.br\/site\/wp-content\/uploads\/2022\/08\/image.png\" alt=\"\" class=\"wp-image-8498\"\/><\/figure>\n\n\n\n<p>A equipe da Pol\u00edcia Militar de S\u00e3o Mateus do Sul foi acionada por volta das 18:30 horas dessa ter\u00e7a-feira, 30 de agosto, a comparecer em uma propriedade na Vila Nepomuceno, aonde ocorreu um furto.<\/p>\n\n\n\n<p>No local os policiais constataram um furto qualificado, o autor arrombou a porta dos fundos da resid\u00eancia, tendo acesso ao interior do im\u00f3vel e levado alguns objetos. &nbsp;A v\u00edtima relatou que deixou a resid\u00eancia &nbsp;entre as 13:00 horas e retornou as 18:00 horas.<\/p>\n\n\n\n<p>A v\u00edtima relatou que n\u00e3o possui suspeitos do fato e o local n\u00e3o possui c\u00e2meras de vigil\u00e2ncia ou alarme.<\/p>\n\n\n\n<p>Diante da situa\u00e7\u00e3o o solicitante foi orientado quanto a providencias cab\u00edveis.<\/p>\n\n\n\n<figure class=\"wp-block-image size-full\"><img decoding=\"async\" src=\"https:\/\/radiostudiow.com.br\/site\/wp-content\/uploads\/2022\/07\/BAHNIUK.jpg\" alt=\"\" class=\"wp-image-8307\"\/><\/figure>\n","protected":false},"excerpt":{"rendered":"<p>A equipe da Pol\u00edcia Militar de S\u00e3o Mateus do Sul foi acionada por volta das 18:30 horas dessa ter\u00e7a-feira, 30 de agosto, a comparecer em uma propriedade na Vila Nepomuceno, aonde ocorreu um furto. No local os policiais constataram um furto qualificado, o autor arrombou a porta dos fundos da resid\u00eancia, tendo acesso ao interior [&hellip;]<\/p>\n","protected":false},"author":2,"featured_media":7354,"comment_status":"open","ping_status":"open","sticky":false,"template":"","format":"standard","meta":{"footnotes":""},"categories":[2],"tags":[172],"class_list":["post-8779","post","type-post","status-publish","format-standard","has-post-thumbnail","hentry","category-policial","tag-featured"],"amp_enabled":true,"_links":{"self":[{"href":"https:\/\/radiostudiow.com.br\/site\/wp-json\/wp\/v2\/posts\/8779","targetHints":{"allow":["GET"]}}],"collection":[{"href":"https:\/\/radiostudiow.com.br\/site\/wp-json\/wp\/v2\/posts"}],"about":[{"href":"https:\/\/radiostudiow.com.br\/site\/wp-json\/wp\/v2\/types\/post"}],"author":[{"embeddable":true,"href":"https:\/\/radiostudiow.com.br\/site\/wp-json\/wp\/v2\/users\/2"}],"replies":[{"embeddable":true,"href":"https:\/\/radiostudiow.com.br\/site\/wp-json\/wp\/v2\/comments?post=8779"}],"version-history":[{"count":2,"href":"https:\/\/radiostudiow.com.br\/site\/wp-json\/wp\/v2\/posts\/8779\/revisions"}],"predecessor-version":[{"id":8782,"href":"https:\/\/radiostudiow.com.br\/site\/wp-json\/wp\/v2\/posts\/8779\/revisions\/8782"}],"wp:featuredmedia":[{"embeddable":true,"href":"https:\/\/radiostudiow.com.br\/site\/wp-json\/wp\/v2\/media\/7354"}],"wp:attachment":[{"href":"https:\/\/radiostudiow.com.br\/site\/wp-json\/wp\/v2\/media?parent=8779"}],"wp:term":[{"taxonomy":"category","embeddable":true,"href":"https:\/\/radiostudiow.com.br\/site\/wp-json\/wp\/v2\/categories?post=8779"},{"taxonomy":"post_tag","embeddable":true,"href":"https:\/\/radiostudiow.com.br\/site\/wp-json\/wp\/v2\/tags?post=8779"}],"curies":[{"name":"wp","href":"https:\/\/api.w.org\/{rel}","templated":true}]}}