{"id":8783,"date":"2022-09-01T16:56:04","date_gmt":"2022-09-01T19:56:04","guid":{"rendered":"https:\/\/radiostudiow.com.br\/site\/?p=8783"},"modified":"2025-01-31T15:09:56","modified_gmt":"2025-01-31T18:09:56","slug":"motocicleta-com-alerta-de-furto-e-apreendida-em-mallet","status":"publish","type":"post","link":"https:\/\/radiostudiow.com.br\/site\/2022\/09\/01\/motocicleta-com-alerta-de-furto-e-apreendida-em-mallet\/","title":{"rendered":"MOTOCICLETA COM ALERTA DE FURTO \u00c9 APREENDIDA EM MALLET"},"content":{"rendered":"\n<p>Durante patrulhamento da equipe da Pol\u00edcia Militar de\u00a0 Mallet localizou motocicleta com alerta de furto\/roubo por volta das 16:00 horas dessa quarta \u2013 feira, 31 de agosto, na \u00e1rea central do munic\u00edpio.<\/p>\n\n\n\n<figure class=\"wp-block-image size-full\"><img decoding=\"async\" src=\"https:\/\/radiostudiow.com.br\/site\/wp-content\/uploads\/2022\/07\/BAHNIUK.jpg\" alt=\"\" class=\"wp-image-8307\"\/><\/figure>\n\n\n\n<p>Os policiais visualizaram a motocicleta sem placa transitando na via publica, sendo dada ordem de parada ao condutor, o qual empreendeu fuga. Foi necess\u00e1rio acompanhamento t\u00e1tico para realizar a abordagem.<\/p>\n\n\n\n<p>Em busca pessoal no condutor nada de il\u00edcito encontrado, conduzido o mesmo para realizar o teste com etil\u00f4metro apontou o resultado de0, 26mg\/l em seguida consultado o ve\u00edculo atrav\u00e9s do numero de motor devido a numera\u00e7\u00e3o de chassi estar &#8220;pinado&#8221; e constatado que o ve\u00edculo possui-a alerta de furto\/roubo conforme BOU de 2018.<\/p>\n\n\n\n<p>Os policiais perguntaram ao condutor sobre as proced\u00eancias da motocicleta, ele informou que comprou de um homem de Fluvi\u00f3polis e pagou R$ 2.800,00 (dois mil e oito centos reais), n\u00e3o soube informar quem seria a pessoa.<\/p>\n\n\n\n<p>Foi realizada a notifica\u00e7\u00f5es cab\u00edveis, ve\u00edculo e condutores encaminhados a Policia Civil de Mallet para procedimentos cab\u00edveis.<\/p>\n\n\n\n<figure class=\"wp-block-image size-full\"><img decoding=\"async\" src=\"https:\/\/radiostudiow.com.br\/site\/wp-content\/uploads\/2022\/08\/image.png\" alt=\"\" class=\"wp-image-8498\"\/><\/figure>\n","protected":false},"excerpt":{"rendered":"<p>Durante patrulhamento da equipe da Pol\u00edcia Militar de\u00a0 Mallet localizou motocicleta com alerta de furto\/roubo por volta das 16:00 horas dessa quarta \u2013 feira, 31 de agosto, na \u00e1rea central do munic\u00edpio. Os policiais visualizaram a motocicleta sem placa transitando na via publica, sendo dada ordem de parada ao condutor, o qual empreendeu fuga. Foi [&hellip;]<\/p>\n","protected":false},"author":2,"featured_media":7679,"comment_status":"open","ping_status":"open","sticky":false,"template":"","format":"standard","meta":{"footnotes":""},"categories":[2],"tags":[172],"class_list":["post-8783","post","type-post","status-publish","format-standard","has-post-thumbnail","hentry","category-policial","tag-featured"],"amp_enabled":true,"_links":{"self":[{"href":"https:\/\/radiostudiow.com.br\/site\/wp-json\/wp\/v2\/posts\/8783","targetHints":{"allow":["GET"]}}],"collection":[{"href":"https:\/\/radiostudiow.com.br\/site\/wp-json\/wp\/v2\/posts"}],"about":[{"href":"https:\/\/radiostudiow.com.br\/site\/wp-json\/wp\/v2\/types\/post"}],"author":[{"embeddable":true,"href":"https:\/\/radiostudiow.com.br\/site\/wp-json\/wp\/v2\/users\/2"}],"replies":[{"embeddable":true,"href":"https:\/\/radiostudiow.com.br\/site\/wp-json\/wp\/v2\/comments?post=8783"}],"version-history":[{"count":1,"href":"https:\/\/radiostudiow.com.br\/site\/wp-json\/wp\/v2\/posts\/8783\/revisions"}],"predecessor-version":[{"id":8784,"href":"https:\/\/radiostudiow.com.br\/site\/wp-json\/wp\/v2\/posts\/8783\/revisions\/8784"}],"wp:featuredmedia":[{"embeddable":true,"href":"https:\/\/radiostudiow.com.br\/site\/wp-json\/wp\/v2\/media\/7679"}],"wp:attachment":[{"href":"https:\/\/radiostudiow.com.br\/site\/wp-json\/wp\/v2\/media?parent=8783"}],"wp:term":[{"taxonomy":"category","embeddable":true,"href":"https:\/\/radiostudiow.com.br\/site\/wp-json\/wp\/v2\/categories?post=8783"},{"taxonomy":"post_tag","embeddable":true,"href":"https:\/\/radiostudiow.com.br\/site\/wp-json\/wp\/v2\/tags?post=8783"}],"curies":[{"name":"wp","href":"https:\/\/api.w.org\/{rel}","templated":true}]}}