{"id":8789,"date":"2022-09-01T18:28:01","date_gmt":"2022-09-01T21:28:01","guid":{"rendered":"https:\/\/radiostudiow.com.br\/site\/?p=8789"},"modified":"2025-01-31T15:09:56","modified_gmt":"2025-01-31T18:09:56","slug":"pm-de-mallet-registra-mais-uma-colisao-entre-veiculos-na-area-central","status":"publish","type":"post","link":"https:\/\/radiostudiow.com.br\/site\/2022\/09\/01\/pm-de-mallet-registra-mais-uma-colisao-entre-veiculos-na-area-central\/","title":{"rendered":"PM DE MALLET REGISTRA MAIS UMA COLIS\u00c3O ENTRE VE\u00cdCULOS NA \u00c1REA CENTRAL"},"content":{"rendered":"\n<p>Outra colis\u00e3o entre ve\u00edculos foi registrada nessa quarta-feira, 31 de agosto.<\/p>\n\n\n\n<figure class=\"wp-block-image size-full\"><img decoding=\"async\" src=\"https:\/\/radiostudiow.com.br\/site\/wp-content\/uploads\/2022\/06\/SICREDI.jpg\" alt=\"\" class=\"wp-image-7695\"\/><\/figure>\n\n\n\n<p>A equipe da Pol\u00edcia Militar de Mallet foi acionada por populares para atender um acidente de tr\u00e2nsito entre um Honda Civic e um VW Gol por volta das 20:20 horas na Avenida Bar\u00e3o do Rio branco, \u00e1rea central do munic\u00edpio.<\/p>\n\n\n\n<p>Segundo o condutor do ve\u00edculo Gol, n\u00e3o viu o Civic estacionado regularmente na via, vindo a colidir na traseira, ocasionando algumas avarias em ambos os ve\u00edculos. &nbsp;No local, apresentou o propriet\u00e1rio do Honda Civic.<\/p>\n\n\n\n<p>Como n\u00e3o houve feridos, n\u00e3o foi necess\u00e1rio o acionamento da ambul\u00e2ncia, apenas o condutor do VW Gol, foi conduzido at\u00e9 o Pelot\u00e3o da PM para realizar o teste do Etil\u00f4metro o qual aferiu 0,00 Mg\/L.<\/p>\n\n\n\n<p>Os condutores foram orientados a realizar a confec\u00e7\u00e3o do Boletim Online, caso n\u00e3o houvesse acordo entre as partes.<\/p>\n\n\n\n<figure class=\"wp-block-image size-full\"><img decoding=\"async\" src=\"https:\/\/radiostudiow.com.br\/site\/wp-content\/uploads\/2022\/04\/SEPAC.jpg\" alt=\"\" class=\"wp-image-7113\"\/><\/figure>\n","protected":false},"excerpt":{"rendered":"<p>Outra colis\u00e3o entre ve\u00edculos foi registrada nessa quarta-feira, 31 de agosto. A equipe da Pol\u00edcia Militar de Mallet foi acionada por populares para atender um acidente de tr\u00e2nsito entre um Honda Civic e um VW Gol por volta das 20:20 horas na Avenida Bar\u00e3o do Rio branco, \u00e1rea central do munic\u00edpio. Segundo o condutor do [&hellip;]<\/p>\n","protected":false},"author":2,"featured_media":6898,"comment_status":"open","ping_status":"open","sticky":false,"template":"","format":"standard","meta":{"footnotes":""},"categories":[2],"tags":[172],"class_list":["post-8789","post","type-post","status-publish","format-standard","has-post-thumbnail","hentry","category-policial","tag-featured"],"amp_enabled":true,"_links":{"self":[{"href":"https:\/\/radiostudiow.com.br\/site\/wp-json\/wp\/v2\/posts\/8789","targetHints":{"allow":["GET"]}}],"collection":[{"href":"https:\/\/radiostudiow.com.br\/site\/wp-json\/wp\/v2\/posts"}],"about":[{"href":"https:\/\/radiostudiow.com.br\/site\/wp-json\/wp\/v2\/types\/post"}],"author":[{"embeddable":true,"href":"https:\/\/radiostudiow.com.br\/site\/wp-json\/wp\/v2\/users\/2"}],"replies":[{"embeddable":true,"href":"https:\/\/radiostudiow.com.br\/site\/wp-json\/wp\/v2\/comments?post=8789"}],"version-history":[{"count":2,"href":"https:\/\/radiostudiow.com.br\/site\/wp-json\/wp\/v2\/posts\/8789\/revisions"}],"predecessor-version":[{"id":8793,"href":"https:\/\/radiostudiow.com.br\/site\/wp-json\/wp\/v2\/posts\/8789\/revisions\/8793"}],"wp:featuredmedia":[{"embeddable":true,"href":"https:\/\/radiostudiow.com.br\/site\/wp-json\/wp\/v2\/media\/6898"}],"wp:attachment":[{"href":"https:\/\/radiostudiow.com.br\/site\/wp-json\/wp\/v2\/media?parent=8789"}],"wp:term":[{"taxonomy":"category","embeddable":true,"href":"https:\/\/radiostudiow.com.br\/site\/wp-json\/wp\/v2\/categories?post=8789"},{"taxonomy":"post_tag","embeddable":true,"href":"https:\/\/radiostudiow.com.br\/site\/wp-json\/wp\/v2\/tags?post=8789"}],"curies":[{"name":"wp","href":"https:\/\/api.w.org\/{rel}","templated":true}]}}