{"id":8791,"date":"2022-09-01T18:21:30","date_gmt":"2022-09-01T21:21:30","guid":{"rendered":"https:\/\/radiostudiow.com.br\/site\/?p=8791"},"modified":"2025-01-31T15:09:56","modified_gmt":"2025-01-31T18:09:56","slug":"mulher-procura-a-pm-de-paulo-frontin-apos-seu-pai-idoso-ser-agredido-em-via-publica","status":"publish","type":"post","link":"https:\/\/radiostudiow.com.br\/site\/2022\/09\/01\/mulher-procura-a-pm-de-paulo-frontin-apos-seu-pai-idoso-ser-agredido-em-via-publica\/","title":{"rendered":"Mulher procura a PM de Paulo Frontin ap\u00f3s seu pai idoso ser agredido em via p\u00fablica"},"content":{"rendered":"\n<p>Uma mulher relatou para equipe da Pol\u00edcia Militar de Paulo Frontin informando uma situa\u00e7\u00e3o de les\u00e3o corporal, a qual ocorreu no domingo, 28 de agosto, mas registrada nessa quarta \u2013 feira (31).<\/p>\n\n\n\n<figure class=\"wp-block-image\"><img decoding=\"async\" src=\"https:\/\/radiostudiow.com.br\/site\/wp-content\/uploads\/2022\/07\/IMOB-SUL.jpg\" alt=\"\" class=\"wp-image-8292\"\/><\/figure>\n\n\n\n<p>De acordo com a solicitante, seu pai estava em um bar e por volta das 22:00 horas desse domingo (28), momento que voltava para casa, foi agredido em via p\u00fablica por dois homens identificados. O idoso foi agredido com chutes, socos e os agressores teriam tamb\u00e9m utilizado um ve\u00edculo para ferir a v\u00edtima na regi\u00e3o do abd\u00f4men.<\/p>\n\n\n\n<p>A solicitante relata que seu pai est\u00e1 ingerindo bebida alco\u00f3lica h\u00e1 alguns dias, que n\u00e3o se alimenta e est\u00e1 com diversos hematomas pelo corpo, sentindo dores por conta da agress\u00e3o sofrida.<\/p>\n\n\n\n<p>A mulher tamb\u00e9m informou que o seu pai n\u00e3o quer sair de casa e nem conseguiria por conta do estado que se encontra, por este motivo procurou os policias solicitando o registro do fato e provid\u00eancias.<\/p>\n\n\n\n<p>Os policiais orientaram a solicitante a procurar a assist\u00eancia social municipal dentre outras orienta\u00e7\u00f5es. Fato registrado e boletim encaminhado para a Pol\u00edcia Civil.<\/p>\n\n\n\n<figure class=\"wp-block-image\"><img decoding=\"async\" src=\"https:\/\/radiostudiow.com.br\/site\/wp-content\/uploads\/2022\/07\/WRNET.jpg\" alt=\"\" class=\"wp-image-8313\"\/><\/figure>\n","protected":false},"excerpt":{"rendered":"<p>Uma mulher relatou para equipe da Pol\u00edcia Militar de Paulo Frontin informando uma situa\u00e7\u00e3o de les\u00e3o corporal, a qual ocorreu no domingo, 28 de agosto, mas registrada nessa quarta \u2013 feira (31). De acordo com a solicitante, seu pai estava em um bar e por volta das 22:00 horas desse domingo (28), momento que voltava [&hellip;]<\/p>\n","protected":false},"author":2,"featured_media":7904,"comment_status":"open","ping_status":"open","sticky":false,"template":"","format":"standard","meta":{"footnotes":""},"categories":[2],"tags":[172],"class_list":["post-8791","post","type-post","status-publish","format-standard","has-post-thumbnail","hentry","category-policial","tag-featured"],"amp_enabled":true,"_links":{"self":[{"href":"https:\/\/radiostudiow.com.br\/site\/wp-json\/wp\/v2\/posts\/8791","targetHints":{"allow":["GET"]}}],"collection":[{"href":"https:\/\/radiostudiow.com.br\/site\/wp-json\/wp\/v2\/posts"}],"about":[{"href":"https:\/\/radiostudiow.com.br\/site\/wp-json\/wp\/v2\/types\/post"}],"author":[{"embeddable":true,"href":"https:\/\/radiostudiow.com.br\/site\/wp-json\/wp\/v2\/users\/2"}],"replies":[{"embeddable":true,"href":"https:\/\/radiostudiow.com.br\/site\/wp-json\/wp\/v2\/comments?post=8791"}],"version-history":[{"count":1,"href":"https:\/\/radiostudiow.com.br\/site\/wp-json\/wp\/v2\/posts\/8791\/revisions"}],"predecessor-version":[{"id":8792,"href":"https:\/\/radiostudiow.com.br\/site\/wp-json\/wp\/v2\/posts\/8791\/revisions\/8792"}],"wp:featuredmedia":[{"embeddable":true,"href":"https:\/\/radiostudiow.com.br\/site\/wp-json\/wp\/v2\/media\/7904"}],"wp:attachment":[{"href":"https:\/\/radiostudiow.com.br\/site\/wp-json\/wp\/v2\/media?parent=8791"}],"wp:term":[{"taxonomy":"category","embeddable":true,"href":"https:\/\/radiostudiow.com.br\/site\/wp-json\/wp\/v2\/categories?post=8791"},{"taxonomy":"post_tag","embeddable":true,"href":"https:\/\/radiostudiow.com.br\/site\/wp-json\/wp\/v2\/tags?post=8791"}],"curies":[{"name":"wp","href":"https:\/\/api.w.org\/{rel}","templated":true}]}}