{"id":8796,"date":"2022-09-02T00:07:36","date_gmt":"2022-09-02T03:07:36","guid":{"rendered":"https:\/\/radiostudiow.com.br\/site\/?p=8796"},"modified":"2025-01-31T15:09:56","modified_gmt":"2025-01-31T18:09:56","slug":"secretaria-de-esportes-de-mallet-apresenta-as-medalhas-do-xix-jam","status":"publish","type":"post","link":"https:\/\/radiostudiow.com.br\/site\/2022\/09\/02\/secretaria-de-esportes-de-mallet-apresenta-as-medalhas-do-xix-jam\/","title":{"rendered":"Secretaria de Esportes de Mallet apresenta as medalhas do XIX JAM"},"content":{"rendered":"\n<p>Nesta quinta-feira (01), v\u00e9spera da abertura dos Jogos Abertos de Mallet, a Secretaria Municipal de Esportes esteve no gabinete do Prefeito Moacir Alfredo Szinvelski, apresentando as medalhas que estar\u00e3o sendo disputadas, em v\u00e1rias modalidades da 19\u2070 edi\u00e7\u00e3o dos Jogos Abertos de Mallet. <\/p>\n\n\n\n<p>Na ocasi\u00e3o o Secret\u00e1rio de Esportes, Valdir Wladyka, destacou: &#8220;Estas medalhas foram pensadas e elaboradas com base no mapa do munic\u00edpio de Mallet, homenageando os 110 anos da cidade&#8221;.<\/p>\n\n\n\n<figure class=\"wp-block-image size-full\"><img decoding=\"async\" src=\"https:\/\/radiostudiow.com.br\/site\/wp-content\/uploads\/2021\/08\/240387432_2992083691066122_4820772207429196742_n.jpg\" alt=\"\" class=\"wp-image-3380\"\/><\/figure>\n\n\n\n<p>Para o Prefeito Moacir, &#8220;\u00e9 um momento de muita alegria estar comemorando o anivers\u00e1rio de emancipa\u00e7\u00e3o pol\u00edtica de Mallet e ainda comemorar o retorno dos Jogos Abertos&#8221; frisou.<\/p>\n\n\n\n<p>Lembrando que nesta sexta-feira, dia 02 de setembro, come\u00e7a o XIX JAM &#8211; Jogos Abertos de Mallet, onde 7 equipes disputar\u00e3o o t\u00edtulo de Campe\u00e3o da edi\u00e7\u00e3o do ano de 2022.<\/p>\n\n\n\n<figure class=\"wp-block-image size-full is-resized\"><img loading=\"lazy\" decoding=\"async\" src=\"https:\/\/radiostudiow.com.br\/site\/wp-content\/uploads\/2022\/06\/SICREDI.jpg\" alt=\"\" class=\"wp-image-7695\" width=\"530\" height=\"121\"\/><\/figure>\n\n\n\n<figure class=\"wp-block-image size-large is-resized\"><img loading=\"lazy\" decoding=\"async\" src=\"https:\/\/radiostudiow.com.br\/site\/wp-content\/uploads\/2022\/09\/IMG-20220901-WA0031-768x1024.jpg\" alt=\"\" class=\"wp-image-8799\" width=\"360\" height=\"480\" srcset=\"https:\/\/radiostudiow.com.br\/site\/wp-content\/uploads\/2022\/09\/IMG-20220901-WA0031-768x1024.jpg 768w, https:\/\/radiostudiow.com.br\/site\/wp-content\/uploads\/2022\/09\/IMG-20220901-WA0031-225x300.jpg 225w, https:\/\/radiostudiow.com.br\/site\/wp-content\/uploads\/2022\/09\/IMG-20220901-WA0031.jpg 960w\" sizes=\"auto, (max-width: 360px) 100vw, 360px\" \/><\/figure>\n\n\n\n<figure class=\"wp-block-image size-large is-resized\"><img loading=\"lazy\" decoding=\"async\" src=\"https:\/\/radiostudiow.com.br\/site\/wp-content\/uploads\/2022\/09\/IMG-20220901-WA0033-768x1024.jpg\" alt=\"\" class=\"wp-image-8797\" width=\"675\" height=\"899\"\/><\/figure>\n\n\n\n<figure class=\"wp-block-image size-full is-resized\"><img loading=\"lazy\" decoding=\"async\" src=\"https:\/\/radiostudiow.com.br\/site\/wp-content\/uploads\/2022\/09\/IMG-20220901-WA0032.jpg\" alt=\"\" class=\"wp-image-8798\" width=\"836\" height=\"615\" srcset=\"https:\/\/radiostudiow.com.br\/site\/wp-content\/uploads\/2022\/09\/IMG-20220901-WA0032.jpg 858w, https:\/\/radiostudiow.com.br\/site\/wp-content\/uploads\/2022\/09\/IMG-20220901-WA0032-300x221.jpg 300w, https:\/\/radiostudiow.com.br\/site\/wp-content\/uploads\/2022\/09\/IMG-20220901-WA0032-768x565.jpg 768w\" sizes=\"auto, (max-width: 836px) 100vw, 836px\" \/><\/figure>\n","protected":false},"excerpt":{"rendered":"<p>Nesta quinta-feira (01), v\u00e9spera da abertura dos Jogos Abertos de Mallet, a Secretaria Municipal de Esportes esteve no gabinete do Prefeito Moacir Alfredo Szinvelski, apresentando as medalhas que estar\u00e3o sendo disputadas, em v\u00e1rias modalidades da 19\u2070 edi\u00e7\u00e3o dos Jogos Abertos de Mallet. Na ocasi\u00e3o o Secret\u00e1rio de Esportes, Valdir Wladyka, destacou: &#8220;Estas medalhas foram pensadas [&hellip;]<\/p>\n","protected":false},"author":2,"featured_media":8798,"comment_status":"open","ping_status":"open","sticky":false,"template":"","format":"standard","meta":{"footnotes":""},"categories":[7,184],"tags":[172],"class_list":["post-8796","post","type-post","status-publish","format-standard","has-post-thumbnail","hentry","category-geral","category-local","tag-featured"],"amp_enabled":true,"_links":{"self":[{"href":"https:\/\/radiostudiow.com.br\/site\/wp-json\/wp\/v2\/posts\/8796","targetHints":{"allow":["GET"]}}],"collection":[{"href":"https:\/\/radiostudiow.com.br\/site\/wp-json\/wp\/v2\/posts"}],"about":[{"href":"https:\/\/radiostudiow.com.br\/site\/wp-json\/wp\/v2\/types\/post"}],"author":[{"embeddable":true,"href":"https:\/\/radiostudiow.com.br\/site\/wp-json\/wp\/v2\/users\/2"}],"replies":[{"embeddable":true,"href":"https:\/\/radiostudiow.com.br\/site\/wp-json\/wp\/v2\/comments?post=8796"}],"version-history":[{"count":1,"href":"https:\/\/radiostudiow.com.br\/site\/wp-json\/wp\/v2\/posts\/8796\/revisions"}],"predecessor-version":[{"id":8800,"href":"https:\/\/radiostudiow.com.br\/site\/wp-json\/wp\/v2\/posts\/8796\/revisions\/8800"}],"wp:featuredmedia":[{"embeddable":true,"href":"https:\/\/radiostudiow.com.br\/site\/wp-json\/wp\/v2\/media\/8798"}],"wp:attachment":[{"href":"https:\/\/radiostudiow.com.br\/site\/wp-json\/wp\/v2\/media?parent=8796"}],"wp:term":[{"taxonomy":"category","embeddable":true,"href":"https:\/\/radiostudiow.com.br\/site\/wp-json\/wp\/v2\/categories?post=8796"},{"taxonomy":"post_tag","embeddable":true,"href":"https:\/\/radiostudiow.com.br\/site\/wp-json\/wp\/v2\/tags?post=8796"}],"curies":[{"name":"wp","href":"https:\/\/api.w.org\/{rel}","templated":true}]}}