{"id":8802,"date":"2022-09-02T11:13:07","date_gmt":"2022-09-02T14:13:07","guid":{"rendered":"https:\/\/radiostudiow.com.br\/site\/?p=8802"},"modified":"2025-01-31T15:09:56","modified_gmt":"2025-01-31T18:09:56","slug":"pm-de-mallet-registra-colisao-em-veiculo-estacionado","status":"publish","type":"post","link":"https:\/\/radiostudiow.com.br\/site\/2022\/09\/02\/pm-de-mallet-registra-colisao-em-veiculo-estacionado\/","title":{"rendered":"PM DE MALLET REGISTRA COLIS\u00c3O EM VE\u00cdCULO ESTACIONADO"},"content":{"rendered":"\n<figure class=\"wp-block-image\"><img decoding=\"async\" src=\"https:\/\/radiostudiow.com.br\/site\/wp-content\/uploads\/2022\/06\/vem_ai.jpg\" alt=\"\" class=\"wp-image-7789\"\/><\/figure>\n\n\n\n<p>Uma senhora compareceu ao Pelot\u00e3o da Pol\u00edcia Militar de Mallet por volta das 12:00 horas dessa quarta \u2013 feira, 31 de agosto, relatando uma colis\u00e3o de ve\u00edculos em seu local de trabalho.<\/p>\n\n\n\n<p>De acordo com a solicitante, ela chegou a seu local de trabalho pela manh\u00e3 e deixou seu ve\u00edculo estacionado no p\u00e1tio do Centro de Sa\u00fade e Bem Estar municipal.<\/p>\n\n\n\n<p>Durante o expediente saiu do local com o carro da unidade e foi at\u00e9 outra unidade de sa\u00fade e quando retornou foi at\u00e9 o seu carro e encontrou seu ve\u00edculo com v\u00e1rios danos na parte traseira (para choque do lado direito).<\/p>\n\n\n\n<figure class=\"wp-block-image\"><img decoding=\"async\" src=\"https:\/\/radiostudiow.com.br\/site\/wp-content\/uploads\/2022\/03\/SICREDI.jpg\" alt=\"\" class=\"wp-image-6409\"\/><\/figure>\n\n\n\n<p>A v\u00edtima relatou quem seria o autor, o qual bateu em seu carro com outro ve\u00edculo, e entrou em contato com a pessoa, a qual confirmou colis\u00e3o e falou que pagaria o conserto.<\/p>\n\n\n\n<p>Diante dos fatos a v\u00edtima foi orientada quanto \u00e0s medidas cab\u00edveis.<\/p>\n","protected":false},"excerpt":{"rendered":"<p>Uma senhora compareceu ao Pelot\u00e3o da Pol\u00edcia Militar de Mallet por volta das 12:00 horas dessa quarta \u2013 feira, 31 de agosto, relatando uma colis\u00e3o de ve\u00edculos em seu local de trabalho. De acordo com a solicitante, ela chegou a seu local de trabalho pela manh\u00e3 e deixou seu ve\u00edculo estacionado no p\u00e1tio do Centro [&hellip;]<\/p>\n","protected":false},"author":2,"featured_media":8803,"comment_status":"open","ping_status":"open","sticky":false,"template":"","format":"standard","meta":{"footnotes":""},"categories":[2],"tags":[172],"class_list":["post-8802","post","type-post","status-publish","format-standard","has-post-thumbnail","hentry","category-policial","tag-featured"],"amp_enabled":true,"_links":{"self":[{"href":"https:\/\/radiostudiow.com.br\/site\/wp-json\/wp\/v2\/posts\/8802","targetHints":{"allow":["GET"]}}],"collection":[{"href":"https:\/\/radiostudiow.com.br\/site\/wp-json\/wp\/v2\/posts"}],"about":[{"href":"https:\/\/radiostudiow.com.br\/site\/wp-json\/wp\/v2\/types\/post"}],"author":[{"embeddable":true,"href":"https:\/\/radiostudiow.com.br\/site\/wp-json\/wp\/v2\/users\/2"}],"replies":[{"embeddable":true,"href":"https:\/\/radiostudiow.com.br\/site\/wp-json\/wp\/v2\/comments?post=8802"}],"version-history":[{"count":1,"href":"https:\/\/radiostudiow.com.br\/site\/wp-json\/wp\/v2\/posts\/8802\/revisions"}],"predecessor-version":[{"id":8804,"href":"https:\/\/radiostudiow.com.br\/site\/wp-json\/wp\/v2\/posts\/8802\/revisions\/8804"}],"wp:featuredmedia":[{"embeddable":true,"href":"https:\/\/radiostudiow.com.br\/site\/wp-json\/wp\/v2\/media\/8803"}],"wp:attachment":[{"href":"https:\/\/radiostudiow.com.br\/site\/wp-json\/wp\/v2\/media?parent=8802"}],"wp:term":[{"taxonomy":"category","embeddable":true,"href":"https:\/\/radiostudiow.com.br\/site\/wp-json\/wp\/v2\/categories?post=8802"},{"taxonomy":"post_tag","embeddable":true,"href":"https:\/\/radiostudiow.com.br\/site\/wp-json\/wp\/v2\/tags?post=8802"}],"curies":[{"name":"wp","href":"https:\/\/api.w.org\/{rel}","templated":true}]}}