{"id":8810,"date":"2022-09-02T15:28:58","date_gmt":"2022-09-02T18:28:58","guid":{"rendered":"https:\/\/radiostudiow.com.br\/site\/?p=8810"},"modified":"2025-01-31T15:09:56","modified_gmt":"2025-01-31T18:09:56","slug":"acidente-de-transito-e-registrado-em-paulo-frontin","status":"publish","type":"post","link":"https:\/\/radiostudiow.com.br\/site\/2022\/09\/02\/acidente-de-transito-e-registrado-em-paulo-frontin\/","title":{"rendered":"Acidente de tr\u00e2nsito \u00e9 registrado em Paulo Frontin"},"content":{"rendered":"\n<p>A equipe da Pol\u00edcia Militar de Paulo Frontin prestou atendimento de acidente de tr\u00e2nsito do tipo colis\u00e3o traseira por volta das 13:10 horas dessa quinta-feira (01\u00ba de setembro).<\/p>\n\n\n\n<figure class=\"wp-block-image size-full\"><img decoding=\"async\" src=\"https:\/\/radiostudiow.com.br\/site\/wp-content\/uploads\/2022\/06\/SICREDI.jpg\" alt=\"\" class=\"wp-image-7695\"\/><\/figure>\n\n\n\n<p>No local os policiais constataram que o ve\u00edculo VW\/saveiro envolveu-se em acidente com o ve\u00edculo GM\/celta. Uma das v\u00edtimas (passageira) havia sido levada pela ambul\u00e2ncia municipal, ela se queixava de dor na cabe\u00e7a e no t\u00f3rax.<\/p>\n\n\n\n<p>PM verificou ambos os ve\u00edculos, os quais estavam de acordo com a legisla\u00e7\u00e3o vigente e os condutores eram habilitados. Realizado o exame de alcoolemia atrav\u00e9s do sopro onde um dos condutores aferiu 0,00 mg\/l e outro 0,29 mg\/l.<\/p>\n\n\n\n<p>Diante da situa\u00e7\u00e3o, foi realizado o auto de infra\u00e7\u00e3o pertinente e o ve\u00edculo saveiro entregue para outro condutor habilitado.<\/p>\n\n\n\n<p>Ap\u00f3s realizar o boletim de acidente de tr\u00e2nsito e os procedimentos cab\u00edveis, todos foram orientados e liberados.<\/p>\n\n\n\n<figure class=\"wp-block-image size-full\"><img decoding=\"async\" src=\"https:\/\/radiostudiow.com.br\/site\/wp-content\/uploads\/2022\/03\/SEPAC.jpg\" alt=\"\" class=\"wp-image-6528\"\/><\/figure>\n","protected":false},"excerpt":{"rendered":"<p>A equipe da Pol\u00edcia Militar de Paulo Frontin prestou atendimento de acidente de tr\u00e2nsito do tipo colis\u00e3o traseira por volta das 13:10 horas dessa quinta-feira (01\u00ba de setembro). No local os policiais constataram que o ve\u00edculo VW\/saveiro envolveu-se em acidente com o ve\u00edculo GM\/celta. Uma das v\u00edtimas (passageira) havia sido levada pela ambul\u00e2ncia municipal, ela [&hellip;]<\/p>\n","protected":false},"author":2,"featured_media":0,"comment_status":"open","ping_status":"open","sticky":false,"template":"","format":"standard","meta":{"footnotes":""},"categories":[2],"tags":[172],"class_list":["post-8810","post","type-post","status-publish","format-standard","hentry","category-policial","tag-featured"],"amp_enabled":true,"_links":{"self":[{"href":"https:\/\/radiostudiow.com.br\/site\/wp-json\/wp\/v2\/posts\/8810","targetHints":{"allow":["GET"]}}],"collection":[{"href":"https:\/\/radiostudiow.com.br\/site\/wp-json\/wp\/v2\/posts"}],"about":[{"href":"https:\/\/radiostudiow.com.br\/site\/wp-json\/wp\/v2\/types\/post"}],"author":[{"embeddable":true,"href":"https:\/\/radiostudiow.com.br\/site\/wp-json\/wp\/v2\/users\/2"}],"replies":[{"embeddable":true,"href":"https:\/\/radiostudiow.com.br\/site\/wp-json\/wp\/v2\/comments?post=8810"}],"version-history":[{"count":1,"href":"https:\/\/radiostudiow.com.br\/site\/wp-json\/wp\/v2\/posts\/8810\/revisions"}],"predecessor-version":[{"id":8811,"href":"https:\/\/radiostudiow.com.br\/site\/wp-json\/wp\/v2\/posts\/8810\/revisions\/8811"}],"wp:attachment":[{"href":"https:\/\/radiostudiow.com.br\/site\/wp-json\/wp\/v2\/media?parent=8810"}],"wp:term":[{"taxonomy":"category","embeddable":true,"href":"https:\/\/radiostudiow.com.br\/site\/wp-json\/wp\/v2\/categories?post=8810"},{"taxonomy":"post_tag","embeddable":true,"href":"https:\/\/radiostudiow.com.br\/site\/wp-json\/wp\/v2\/tags?post=8810"}],"curies":[{"name":"wp","href":"https:\/\/api.w.org\/{rel}","templated":true}]}}