{"id":8812,"date":"2022-09-02T16:16:08","date_gmt":"2022-09-02T19:16:08","guid":{"rendered":"https:\/\/radiostudiow.com.br\/site\/?p=8812"},"modified":"2025-01-31T15:09:56","modified_gmt":"2025-01-31T18:09:56","slug":"pm-de-mallet-mata-dois-dos-autores-do-latrocinio","status":"publish","type":"post","link":"https:\/\/radiostudiow.com.br\/site\/2022\/09\/02\/pm-de-mallet-mata-dois-dos-autores-do-latrocinio\/","title":{"rendered":"PM DE MALLET MATA DOIS DOS AUTORES DO LATROC\u00cdNIO\u00a0"},"content":{"rendered":"\n<p>27\u00b0 Batalh\u00e3o da Pol\u00edcia Militar de Mallet registra crime de latroc\u00ednio, roubo seguido de morte, durante a manh\u00e3 desta sexta-feira, 02 de setembro, na localidade de Col\u00f4nia 1, Serra do Tigre. Dois dos criminosos envolvidos foram mortos em confronto com a Pol\u00edcia Militar do 27\u00ba Batalh\u00e3o. <\/p>\n\n\n\n<p>Outros dois suspeitos foram presos e um quinto criminoso est\u00e1 cercado.<\/p>\n\n\n\n<figure class=\"wp-block-image size-full\"><img decoding=\"async\" src=\"https:\/\/radiostudiow.com.br\/site\/wp-content\/uploads\/2022\/07\/BAHNIUK.jpg\" alt=\"\" class=\"wp-image-8307\"\/><\/figure>\n\n\n\n<p>Conforme informa\u00e7\u00f5es, seriam quatro criminosos que participaram do crime, sendo que dois deles foram localizados e detidos pela Pol\u00edcia. Um carro Fiat\/Uno de cor branca com placas de Ca\u00e7ador\/SC que estava com os suspeitos tamb\u00e9m foi apreendido ap\u00f3s ser abandonado em uma estrada vicinal. <\/p>\n\n\n\n<p>Outro dois bandidos foram mortos ap\u00f3s resistirem a pris\u00e3o e entrarem em confronto com a Pol\u00edcia. Os homens estavam com pelo menos duas armas. O quinto suspeito ainda esta foragido tamb\u00e9m est\u00e1 armado.<\/p>\n\n\n\n<p>Os criminosos sa\u00edram em fuga da propriedade que ocorreu o latroc\u00ednio e j\u00e1 estavam acessando a rodovia BR-476, quando foram surpreendidos pela r\u00e1pida a\u00e7\u00e3o da Pol\u00edcia que realizou uma grande cerco para localizar os autores que estavam com um ve\u00edculo Fiat\/Uno de cor branca com placas de Ca\u00e7ador\/SC que foi apreendido. <\/p>\n\n\n\n<p>No carro a Pol\u00edcia encontrou documentos pessoais de algumas pessoas que ser\u00e3o investigadas para averiguar se estariam envolvidas no crime.<\/p>\n\n\n\n<p>At\u00e9 o momento os policiais n\u00e3o divulgaram maiores detalhes do confronto.<\/p>\n\n\n\n<figure class=\"wp-block-image size-full\"><img decoding=\"async\" src=\"https:\/\/radiostudiow.com.br\/site\/wp-content\/uploads\/2022\/07\/AFUBRE-IRATI.jpg\" alt=\"\" class=\"wp-image-7992\"\/><\/figure>\n\n\n\n<p><strong>O crime<\/strong><\/p>\n\n\n\n<p>De acordo com informa\u00e7\u00f5es dos policiais, criminosos invadiram uma propriedade, mataram o morador, deixaram uma mulher gravemente ferida e roubaram a quantia de R$ 15.000,00 (Quinze mil reais), na sequ\u00eancia fugiram do local tomando rumo ignorado.<\/p>\n\n\n\n<p>A identidade da v\u00edtima ainda n\u00e3o foi divulgada.<\/p>\n","protected":false},"excerpt":{"rendered":"<p>27\u00b0 Batalh\u00e3o da Pol\u00edcia Militar de Mallet registra crime de latroc\u00ednio, roubo seguido de morte, durante a manh\u00e3 desta sexta-feira, 02 de setembro, na localidade de Col\u00f4nia 1, Serra do Tigre. Dois dos criminosos envolvidos foram mortos em confronto com a Pol\u00edcia Militar do 27\u00ba Batalh\u00e3o. Outros dois suspeitos foram presos e um quinto criminoso [&hellip;]<\/p>\n","protected":false},"author":2,"featured_media":0,"comment_status":"open","ping_status":"open","sticky":false,"template":"","format":"standard","meta":{"footnotes":""},"categories":[2],"tags":[172],"class_list":["post-8812","post","type-post","status-publish","format-standard","hentry","category-policial","tag-featured"],"amp_enabled":true,"_links":{"self":[{"href":"https:\/\/radiostudiow.com.br\/site\/wp-json\/wp\/v2\/posts\/8812","targetHints":{"allow":["GET"]}}],"collection":[{"href":"https:\/\/radiostudiow.com.br\/site\/wp-json\/wp\/v2\/posts"}],"about":[{"href":"https:\/\/radiostudiow.com.br\/site\/wp-json\/wp\/v2\/types\/post"}],"author":[{"embeddable":true,"href":"https:\/\/radiostudiow.com.br\/site\/wp-json\/wp\/v2\/users\/2"}],"replies":[{"embeddable":true,"href":"https:\/\/radiostudiow.com.br\/site\/wp-json\/wp\/v2\/comments?post=8812"}],"version-history":[{"count":3,"href":"https:\/\/radiostudiow.com.br\/site\/wp-json\/wp\/v2\/posts\/8812\/revisions"}],"predecessor-version":[{"id":8817,"href":"https:\/\/radiostudiow.com.br\/site\/wp-json\/wp\/v2\/posts\/8812\/revisions\/8817"}],"wp:attachment":[{"href":"https:\/\/radiostudiow.com.br\/site\/wp-json\/wp\/v2\/media?parent=8812"}],"wp:term":[{"taxonomy":"category","embeddable":true,"href":"https:\/\/radiostudiow.com.br\/site\/wp-json\/wp\/v2\/categories?post=8812"},{"taxonomy":"post_tag","embeddable":true,"href":"https:\/\/radiostudiow.com.br\/site\/wp-json\/wp\/v2\/tags?post=8812"}],"curies":[{"name":"wp","href":"https:\/\/api.w.org\/{rel}","templated":true}]}}