{"id":8841,"date":"2022-09-05T15:51:17","date_gmt":"2022-09-05T18:51:17","guid":{"rendered":"https:\/\/radiostudiow.com.br\/site\/?p=8841"},"modified":"2025-01-31T15:09:56","modified_gmt":"2025-01-31T18:09:56","slug":"pm-de-sao-mateus-do-sul-recupera-saveiro-com-alerta-de-furto","status":"publish","type":"post","link":"https:\/\/radiostudiow.com.br\/site\/2022\/09\/05\/pm-de-sao-mateus-do-sul-recupera-saveiro-com-alerta-de-furto\/","title":{"rendered":"PM de S\u00e3o Mateus do Sul recupera Saveiro com alerta de furto"},"content":{"rendered":"\n<figure class=\"wp-block-image size-full is-resized\"><img loading=\"lazy\" decoding=\"async\" src=\"https:\/\/radiostudiow.com.br\/site\/wp-content\/uploads\/2022\/07\/QUERO.QUERO_.jpg\" alt=\"\" class=\"wp-image-8289\" width=\"740\" height=\"168\"\/><\/figure>\n\n\n\n<p>Equipes do 27\u00ba Batalh\u00e3o de Pol\u00edcia Militar receberam informa\u00e7\u00f5es de um ve\u00edculo VW Saveiro que continha alerta de furto\/roubo, estaria vindo pela BR-476 no sentido S\u00e3o Mateus do Sul \u00e0 Uni\u00e3o da Vit\u00f3ria nesse domingo (04).<\/p>\n\n\n\n<p>Ap\u00f3s montado bloqueio na cidade de Paula Freitas, foi logrado \u00eaxito na abordagem do ve\u00edculo e confirmado o alerta ativo no sistema e diante do constatado, os abordados foram conduzidos para a delegacia para as devidas provid\u00eancias.<\/p>\n","protected":false},"excerpt":{"rendered":"<p>Equipes do 27\u00ba Batalh\u00e3o de Pol\u00edcia Militar receberam informa\u00e7\u00f5es de um ve\u00edculo VW Saveiro que continha alerta de furto\/roubo, estaria vindo pela BR-476 no sentido S\u00e3o Mateus do Sul \u00e0 Uni\u00e3o da Vit\u00f3ria nesse domingo (04). Ap\u00f3s montado bloqueio na cidade de Paula Freitas, foi logrado \u00eaxito na abordagem do ve\u00edculo e confirmado o alerta [&hellip;]<\/p>\n","protected":false},"author":2,"featured_media":7607,"comment_status":"open","ping_status":"open","sticky":false,"template":"","format":"standard","meta":{"footnotes":""},"categories":[2],"tags":[172],"class_list":["post-8841","post","type-post","status-publish","format-standard","has-post-thumbnail","hentry","category-policial","tag-featured"],"amp_enabled":true,"_links":{"self":[{"href":"https:\/\/radiostudiow.com.br\/site\/wp-json\/wp\/v2\/posts\/8841","targetHints":{"allow":["GET"]}}],"collection":[{"href":"https:\/\/radiostudiow.com.br\/site\/wp-json\/wp\/v2\/posts"}],"about":[{"href":"https:\/\/radiostudiow.com.br\/site\/wp-json\/wp\/v2\/types\/post"}],"author":[{"embeddable":true,"href":"https:\/\/radiostudiow.com.br\/site\/wp-json\/wp\/v2\/users\/2"}],"replies":[{"embeddable":true,"href":"https:\/\/radiostudiow.com.br\/site\/wp-json\/wp\/v2\/comments?post=8841"}],"version-history":[{"count":2,"href":"https:\/\/radiostudiow.com.br\/site\/wp-json\/wp\/v2\/posts\/8841\/revisions"}],"predecessor-version":[{"id":8850,"href":"https:\/\/radiostudiow.com.br\/site\/wp-json\/wp\/v2\/posts\/8841\/revisions\/8850"}],"wp:featuredmedia":[{"embeddable":true,"href":"https:\/\/radiostudiow.com.br\/site\/wp-json\/wp\/v2\/media\/7607"}],"wp:attachment":[{"href":"https:\/\/radiostudiow.com.br\/site\/wp-json\/wp\/v2\/media?parent=8841"}],"wp:term":[{"taxonomy":"category","embeddable":true,"href":"https:\/\/radiostudiow.com.br\/site\/wp-json\/wp\/v2\/categories?post=8841"},{"taxonomy":"post_tag","embeddable":true,"href":"https:\/\/radiostudiow.com.br\/site\/wp-json\/wp\/v2\/tags?post=8841"}],"curies":[{"name":"wp","href":"https:\/\/api.w.org\/{rel}","templated":true}]}}