{"id":8851,"date":"2022-09-05T16:52:26","date_gmt":"2022-09-05T19:52:26","guid":{"rendered":"https:\/\/radiostudiow.com.br\/site\/?p=8851"},"modified":"2025-01-31T15:09:56","modified_gmt":"2025-01-31T18:09:56","slug":"grave-acidente-envolvendo-viatura-da-pre-e-carro-forte-deixa-feridos-e-mobiliza-equipes-de-resgate","status":"publish","type":"post","link":"https:\/\/radiostudiow.com.br\/site\/2022\/09\/05\/grave-acidente-envolvendo-viatura-da-pre-e-carro-forte-deixa-feridos-e-mobiliza-equipes-de-resgate\/","title":{"rendered":"Grave acidente envolvendo viatura da PRE e carro forte deixa feridos em C\u00e2ndido de Abreu"},"content":{"rendered":"\n<p>Um grave acidente foi registrado na rodovia PR-487 em C\u00e2ndido de Abreu, na regi\u00e3o central do Paran\u00e1, por volta das 13:20 horas dessa segunda-feira, 05 de setembro, envolvendo um carro forte, uma viatura da Pol\u00edcia Rodovi\u00e1ria Estadual e mais uma caminhonete.<\/p>\n\n\n\n<p>De acordo com informa\u00e7\u00f5es, com a forte batida um policial rodovi\u00e1ria ficou preso nas ferragens e foi socorrido com ferimentos moderados. Ocupantes do ve\u00edculo de transporte de valores tamb\u00e9m se feriram. O grave acidente mobilizou equipes do Corpo de Bombeiros, PRE e do Servi\u00e7o de Atendimento M\u00f3vel de Urg\u00eancia (Samu), o qual prestou apoio a\u00e9reo na situa\u00e7\u00e3o.<\/p>\n\n\n\n<figure class=\"wp-block-image size-full\"><img decoding=\"async\" src=\"https:\/\/radiostudiow.com.br\/site\/wp-content\/uploads\/2022\/07\/AFUBRE-IRATI.jpg\" alt=\"\" class=\"wp-image-7992\"\/><\/figure>\n","protected":false},"excerpt":{"rendered":"<p>Um grave acidente foi registrado na rodovia PR-487 em C\u00e2ndido de Abreu, na regi\u00e3o central do Paran\u00e1, por volta das 13:20 horas dessa segunda-feira, 05 de setembro, envolvendo um carro forte, uma viatura da Pol\u00edcia Rodovi\u00e1ria Estadual e mais uma caminhonete. De acordo com informa\u00e7\u00f5es, com a forte batida um policial rodovi\u00e1ria ficou preso nas [&hellip;]<\/p>\n","protected":false},"author":2,"featured_media":0,"comment_status":"open","ping_status":"open","sticky":false,"template":"","format":"standard","meta":{"footnotes":""},"categories":[2],"tags":[172],"class_list":["post-8851","post","type-post","status-publish","format-standard","hentry","category-policial","tag-featured"],"amp_enabled":true,"_links":{"self":[{"href":"https:\/\/radiostudiow.com.br\/site\/wp-json\/wp\/v2\/posts\/8851","targetHints":{"allow":["GET"]}}],"collection":[{"href":"https:\/\/radiostudiow.com.br\/site\/wp-json\/wp\/v2\/posts"}],"about":[{"href":"https:\/\/radiostudiow.com.br\/site\/wp-json\/wp\/v2\/types\/post"}],"author":[{"embeddable":true,"href":"https:\/\/radiostudiow.com.br\/site\/wp-json\/wp\/v2\/users\/2"}],"replies":[{"embeddable":true,"href":"https:\/\/radiostudiow.com.br\/site\/wp-json\/wp\/v2\/comments?post=8851"}],"version-history":[{"count":2,"href":"https:\/\/radiostudiow.com.br\/site\/wp-json\/wp\/v2\/posts\/8851\/revisions"}],"predecessor-version":[{"id":8854,"href":"https:\/\/radiostudiow.com.br\/site\/wp-json\/wp\/v2\/posts\/8851\/revisions\/8854"}],"wp:attachment":[{"href":"https:\/\/radiostudiow.com.br\/site\/wp-json\/wp\/v2\/media?parent=8851"}],"wp:term":[{"taxonomy":"category","embeddable":true,"href":"https:\/\/radiostudiow.com.br\/site\/wp-json\/wp\/v2\/categories?post=8851"},{"taxonomy":"post_tag","embeddable":true,"href":"https:\/\/radiostudiow.com.br\/site\/wp-json\/wp\/v2\/tags?post=8851"}],"curies":[{"name":"wp","href":"https:\/\/api.w.org\/{rel}","templated":true}]}}