{"id":9039,"date":"2022-09-26T18:34:07","date_gmt":"2022-09-26T21:34:07","guid":{"rendered":"https:\/\/radiostudiow.com.br\/site\/?p=9039"},"modified":"2025-01-31T15:09:54","modified_gmt":"2025-01-31T18:09:54","slug":"filho-de-secretaria-municipal-de-mallet-e-destaque-por-sua-inteligencia-incomum","status":"publish","type":"post","link":"https:\/\/radiostudiow.com.br\/site\/2022\/09\/26\/filho-de-secretaria-municipal-de-mallet-e-destaque-por-sua-inteligencia-incomum\/","title":{"rendered":"FILHO DE SECRET\u00c1RIA MUNICIPAL DE MALLET \u00c9 DESTAQUE POR SUA INTELIG\u00caNCIA INCOMUM"},"content":{"rendered":"\n<p>Uma semana marcada de muitas homenagens ao garoto Apolo Farias da Silva.<br>Filho da Secret\u00e1ria Municipal de Planejamento das duas gest\u00f5es do Prefeito de Mallet Moacir Szinvelski, Lady Dayana Tibes Farias \u00e9 s\u00f3 orgulho, ap\u00f3s receber o comunicado que seu filho foi aceito na MENSA, a maior sociedade de alto QI do mundo.<\/p>\n\n\n\n<figure class=\"wp-block-image size-full\"><img decoding=\"async\" src=\"https:\/\/radiostudiow.com.br\/site\/wp-content\/uploads\/2022\/07\/image.png\" alt=\"\" class=\"wp-image-8317\"\/><\/figure>\n\n\n\n<p>Apolo que tem apenas 13 anos est\u00e1 cursando o 7\u00ba ano no Col\u00e9gio Estadual C\u00edvico Militar Nicolau Cop\u00e9rnico e segundo consta em informa\u00e7\u00f5es no pr\u00f3ximo ano se der tudo certo passar\u00e1 para o 9\u00ba ano, onde esse avan\u00e7o escolar \u00e9 algo que n\u00e3o acontece no munic\u00edpio h\u00e1 mais de 15 anos.<\/p>\n\n\n\n<p>De acordo com Lady, n\u00e3o foi f\u00e1cil chegar at\u00e9 este momento pois desde sempre o filho pensava e se desenvolvia <em>\u201cfora da caixa\u201d<\/em>.<em> \u201cSim, isso trouxe alguns aborrecimentos. Pois o senso agu\u00e7ado de justi\u00e7a, e a persist\u00eancia em questionar sobre todas as coisas, sobre as regras, sobre os sistemas trouxeram alguns problemas\u201d,<\/em> conta a m\u00e3e.<\/p>\n\n\n\n<p>Ainda segundo a m\u00e3e de Apolo, as reclama\u00e7\u00f5es nas escolas eram constantes. <em>\u201cTeve um ano, que fui chamada 18 vezes na escola\u201d<\/em>, relatou Lady a reportagem.<\/p>\n\n\n\n<p>Segundo ela, na maioria das vezes era porque ele n\u00e3o queria fazer a letra cursiva, ou porque n\u00e3o copiava do quadro em seu caderno. \u201cEle registrava tudo em sua mem\u00f3ria e n\u00e3o julgava necess\u00e1rio copiar, na percep\u00e7\u00e3o dele era perca de tempo\u201d.<\/p>\n\n\n\n<figure class=\"wp-block-image size-large\"><img decoding=\"async\" src=\"https:\/\/radiostudiow.com.br\/site\/wp-content\/uploads\/2022\/09\/c612cc3a-d3d9-4690-aead-7c672dc2ced9-1024x768.jpg\" alt=\"\" class=\"wp-image-9042\"\/><\/figure>\n\n\n\n<p>Depois de muita insist\u00eancia da m\u00e3e, o menino foi acompanhado e fez uma primeira entrevista para analisar seu caso, os profissionais se convenceram que Apolo tinha caracter\u00edsticas de <strong>superdota\u00e7\u00e3o.<\/strong> <em>\u201cEle foi submetido ao teste, na ocasi\u00e3o, ele tinha 09 anos, j\u00e1 foi detectado que ele tinha um potencial intelectual muito grande. O teste determinou que ele tinha um QI de 137 pontos\u201d.<\/em><\/p>\n\n\n\n<figure class=\"wp-block-image size-full\"><img decoding=\"async\" src=\"https:\/\/radiostudiow.com.br\/site\/wp-content\/uploads\/2022\/09\/image-1.png\" alt=\"\" class=\"wp-image-8965\"\/><\/figure>\n\n\n\n<p><strong>Dificuldades nas escolas<\/strong><br>Como Apolo tem o intelectual muito avan\u00e7ado, sua parte sentimental tamb\u00e9m evoluiu rapidamente. Desde ent\u00e3o, a m\u00e3e busca apoio para o desenvolvimento como um todo.<\/p>\n\n\n\n<p>Nas escolas em que ele estudava estava mais avan\u00e7ado que os outros alunos e teve aulas especiais promovidas pela Secretaria de Educa\u00e7\u00e3o.<em> \u201cIsso amenizou um pouco o desconforto, no entanto, sua capacidade intelectual continuava avan\u00e7ando, e ele se sentia frustrado, desmotivado a frequentar as aulas\u201d, esclarece Lady<\/em>.<\/p>\n\n\n\n<p>De acordo com ela, Apolo sabe que ele \u00e9 diferente e hoje j\u00e1 consegue compreender que as outras pessoas n\u00e3o t\u00eam a mesma linha de racioc\u00ednio que ele.<\/p>\n\n\n\n<figure class=\"wp-block-image size-large\"><img decoding=\"async\" src=\"https:\/\/radiostudiow.com.br\/site\/wp-content\/uploads\/2022\/09\/68f4e43b-bb6c-48d1-ab73-758e1fee8787-1024x768.jpg\" alt=\"\" class=\"wp-image-9040\"\/><\/figure>\n\n\n\n<figure class=\"wp-block-image size-full\"><img decoding=\"async\" src=\"https:\/\/radiostudiow.com.br\/site\/wp-content\/uploads\/2022\/08\/image.png\" alt=\"\" class=\"wp-image-8498\"\/><\/figure>\n\n\n\n<p>A m\u00e3e conta que Apolo teve uma professora em especial, Eliana Alves, que foi muito importante para o desenvolvimento do menino e, segundo a mesma, ele tem paix\u00e3o enorme por ela.<\/p>\n\n\n\n<p>Como escrito no inicio da reportagem, o menino est\u00e1 agora pleiteando a reclassifica\u00e7\u00e3o escolar, a pedido da psic\u00f3loga e promovido pela diretora Eliane Renzo. Quando o Apolo iniciar o Ensino M\u00e9dio, a fam\u00edlia ir\u00e1 solicitar novamente a acelera\u00e7\u00e3o de turma.<\/p>\n","protected":false},"excerpt":{"rendered":"<p>Uma semana marcada de muitas homenagens ao garoto Apolo Farias da Silva.Filho da Secret\u00e1ria Municipal de Planejamento das duas gest\u00f5es do Prefeito de Mallet Moacir Szinvelski, Lady Dayana Tibes Farias \u00e9 s\u00f3 orgulho, ap\u00f3s receber o comunicado que seu filho foi aceito na MENSA, a maior sociedade de alto QI do mundo. Apolo que tem [&hellip;]<\/p>\n","protected":false},"author":2,"featured_media":0,"comment_status":"open","ping_status":"open","sticky":false,"template":"","format":"standard","meta":{"footnotes":""},"categories":[184],"tags":[172],"class_list":["post-9039","post","type-post","status-publish","format-standard","hentry","category-local","tag-featured"],"amp_enabled":true,"_links":{"self":[{"href":"https:\/\/radiostudiow.com.br\/site\/wp-json\/wp\/v2\/posts\/9039","targetHints":{"allow":["GET"]}}],"collection":[{"href":"https:\/\/radiostudiow.com.br\/site\/wp-json\/wp\/v2\/posts"}],"about":[{"href":"https:\/\/radiostudiow.com.br\/site\/wp-json\/wp\/v2\/types\/post"}],"author":[{"embeddable":true,"href":"https:\/\/radiostudiow.com.br\/site\/wp-json\/wp\/v2\/users\/2"}],"replies":[{"embeddable":true,"href":"https:\/\/radiostudiow.com.br\/site\/wp-json\/wp\/v2\/comments?post=9039"}],"version-history":[{"count":1,"href":"https:\/\/radiostudiow.com.br\/site\/wp-json\/wp\/v2\/posts\/9039\/revisions"}],"predecessor-version":[{"id":9043,"href":"https:\/\/radiostudiow.com.br\/site\/wp-json\/wp\/v2\/posts\/9039\/revisions\/9043"}],"wp:attachment":[{"href":"https:\/\/radiostudiow.com.br\/site\/wp-json\/wp\/v2\/media?parent=9039"}],"wp:term":[{"taxonomy":"category","embeddable":true,"href":"https:\/\/radiostudiow.com.br\/site\/wp-json\/wp\/v2\/categories?post=9039"},{"taxonomy":"post_tag","embeddable":true,"href":"https:\/\/radiostudiow.com.br\/site\/wp-json\/wp\/v2\/tags?post=9039"}],"curies":[{"name":"wp","href":"https:\/\/api.w.org\/{rel}","templated":true}]}}