{"id":9089,"date":"2022-09-30T20:23:23","date_gmt":"2022-09-30T23:23:23","guid":{"rendered":"https:\/\/radiostudiow.com.br\/site\/?p=9089"},"modified":"2025-01-31T15:09:54","modified_gmt":"2025-01-31T18:09:54","slug":"militares-veteranos-sao-homenageados-pela-8a-cipm","status":"publish","type":"post","link":"https:\/\/radiostudiow.com.br\/site\/2022\/09\/30\/militares-veteranos-sao-homenageados-pela-8a-cipm\/","title":{"rendered":"Militares Veteranos s\u00e3o homenageados pela 8\u00aa CIPM"},"content":{"rendered":"\n<p>Em virtude da comemora\u00e7\u00e3o do \u201cDia do Militar Estadual Veterano\u201d ser realizada anualmente em 1\u00ba de outubro, conforme estabelecido por meio de lei, na quinta-feira (29) a 8\u00aa Companhia Independente de Pol\u00edcia Militar realizou uma solenidade em homenagem aos Veteranos.<\/p>\n\n\n\n<figure class=\"wp-block-image size-full\"><img decoding=\"async\" src=\"https:\/\/radiostudiow.com.br\/site\/wp-content\/uploads\/2022\/07\/BAHNIUK.jpg\" alt=\"\" class=\"wp-image-8307\"\/><\/figure>\n\n\n\n<p>Compareceram ao evento 19 veteranos: 1\u00ba Sargento Jo\u00e3o Batista Pedroso, 1\u00b0 Sargento H\u00e9lio Luiz Jacumasso, 1\u00ba Sargento Edenilson Gon\u00e7alves, 3\u00ba Sargento Leonel Leandro da Silva, 3\u00ba Sargento Jair C\u00e2ndido Xavier Filho, 2\u00ba Sargento Carlos Ubiratan Cordeiro da Silva, Cabo Dorval Aparecido dos Santos, Cabo Edilson Jo\u00e3ozinho Batista, Cabo Eduilson Lopes Martins, Cabo J\u00falio C\u00e9sar de Oliveira, Cabo Lauro Tzeciuk, Cabo Luciano dos Santos, Cabo Miguel \u00c2ngelo Coltro, Cabo Miguel Roberto Vieira, CBO Odair dos Santos, Cabo Orrevaldir Loch De Paula, Cabo Roberval da Silva, Soldado Rosnaldo Mateus Ferreira dos Santos e Soldada Zenilda Aparecida Kmita.<\/p>\n\n\n\n<p>Durante a solenidade foi entregue aos veteranos um certificado de homenagem, como forma de celebrar e valorizar os militares estaduais que se dedicaram em prol da causa p\u00fablica. Ao final, houve o desfile da tropa composta pelo efetivo da 8\u00aa CIPM e por 42 alunos do Curso de Forma\u00e7\u00e3o de Pra\u00e7as (CFP). Na sequ\u00eancia houve o caf\u00e9 da manh\u00e3, que proporcionou um momento de confraterniza\u00e7\u00e3o, bem como de integra\u00e7\u00e3o entre os Veteranos, Policiais Militares da ativa e os alunos do Curso de Forma\u00e7\u00e3o. Ainda, durante o caf\u00e9, os veteranos mostraram fotos e recortes de jornais da \u00e9poca em que estavam na ativa aos alunos do CFP, compartilhando experi\u00eancias com os futuros policias.<\/p>\n\n\n\n<figure class=\"wp-block-image size-full\"><img decoding=\"async\" src=\"https:\/\/radiostudiow.com.br\/site\/wp-content\/uploads\/2022\/07\/QUERO.QUERO_.jpg\" alt=\"\" class=\"wp-image-8289\"\/><\/figure>\n\n\n\n<figure class=\"wp-block-gallery has-nested-images columns-default is-cropped wp-block-gallery-1 is-layout-flex wp-block-gallery-is-layout-flex\">\n<figure class=\"wp-block-image size-large\"><img decoding=\"async\" data-id=\"9091\" src=\"https:\/\/radiostudiow.com.br\/site\/wp-content\/uploads\/2022\/09\/WhatsApp-Image-2022-09-29-at-18.16.01_Easy-Resize.com_-1024x576.jpg\" alt=\"\" class=\"wp-image-9091\"\/><\/figure>\n\n\n\n<figure class=\"wp-block-image size-large\"><img decoding=\"async\" data-id=\"9092\" src=\"https:\/\/radiostudiow.com.br\/site\/wp-content\/uploads\/2022\/09\/WhatsApp-Image-2022-09-29-at-18.16.03_Easy-Resize.com_-1024x768.jpg\" alt=\"\" class=\"wp-image-9092\"\/><\/figure>\n<\/figure>\n\n\n\n<p>O comandante da 8\u00aa CIPM, Major Sergio do Prado Nabozny, agradeceu todos os Veteranos que reservaram um tempo do seu dia para estarem presentes, engradecendo o evento.<\/p>\n\n\n\n<p><em>Comunica\u00e7\u00e3o Social da 8\u00aa CIPM\/4\u00baCRPM. Fonte: <a href=\"https:\/\/portalclique.com.br\/\">https:\/\/portalclique.com.br\/<\/a><\/em><\/p>\n","protected":false},"excerpt":{"rendered":"<p>Em virtude da comemora\u00e7\u00e3o do \u201cDia do Militar Estadual Veterano\u201d ser realizada anualmente em 1\u00ba de outubro, conforme estabelecido por meio de lei, na quinta-feira (29) a 8\u00aa Companhia Independente de Pol\u00edcia Militar realizou uma solenidade em homenagem aos Veteranos. Compareceram ao evento 19 veteranos: 1\u00ba Sargento Jo\u00e3o Batista Pedroso, 1\u00b0 Sargento H\u00e9lio Luiz Jacumasso, [&hellip;]<\/p>\n","protected":false},"author":2,"featured_media":0,"comment_status":"open","ping_status":"open","sticky":false,"template":"","format":"standard","meta":{"footnotes":""},"categories":[7],"tags":[172],"class_list":["post-9089","post","type-post","status-publish","format-standard","hentry","category-geral","tag-featured"],"amp_enabled":true,"_links":{"self":[{"href":"https:\/\/radiostudiow.com.br\/site\/wp-json\/wp\/v2\/posts\/9089","targetHints":{"allow":["GET"]}}],"collection":[{"href":"https:\/\/radiostudiow.com.br\/site\/wp-json\/wp\/v2\/posts"}],"about":[{"href":"https:\/\/radiostudiow.com.br\/site\/wp-json\/wp\/v2\/types\/post"}],"author":[{"embeddable":true,"href":"https:\/\/radiostudiow.com.br\/site\/wp-json\/wp\/v2\/users\/2"}],"replies":[{"embeddable":true,"href":"https:\/\/radiostudiow.com.br\/site\/wp-json\/wp\/v2\/comments?post=9089"}],"version-history":[{"count":1,"href":"https:\/\/radiostudiow.com.br\/site\/wp-json\/wp\/v2\/posts\/9089\/revisions"}],"predecessor-version":[{"id":9093,"href":"https:\/\/radiostudiow.com.br\/site\/wp-json\/wp\/v2\/posts\/9089\/revisions\/9093"}],"wp:attachment":[{"href":"https:\/\/radiostudiow.com.br\/site\/wp-json\/wp\/v2\/media?parent=9089"}],"wp:term":[{"taxonomy":"category","embeddable":true,"href":"https:\/\/radiostudiow.com.br\/site\/wp-json\/wp\/v2\/categories?post=9089"},{"taxonomy":"post_tag","embeddable":true,"href":"https:\/\/radiostudiow.com.br\/site\/wp-json\/wp\/v2\/tags?post=9089"}],"curies":[{"name":"wp","href":"https:\/\/api.w.org\/{rel}","templated":true}]}}