{"id":9125,"date":"2022-10-03T17:36:52","date_gmt":"2022-10-03T20:36:52","guid":{"rendered":"https:\/\/radiostudiow.com.br\/site\/?p=9125"},"modified":"2025-01-31T15:09:53","modified_gmt":"2025-01-31T18:09:53","slug":"paulo-frontin-confira-os-resultados-das-eleicoes-de-2022","status":"publish","type":"post","link":"https:\/\/radiostudiow.com.br\/site\/2022\/10\/03\/paulo-frontin-confira-os-resultados-das-eleicoes-de-2022\/","title":{"rendered":"PAULO FRONTIN: CONFIRA OS RESULTADOS DAS ELEI\u00c7\u00d5ES DE 2022"},"content":{"rendered":"\n<h3 class=\"wp-block-heading\"> <\/h3>\n\n\n\n<p>Confira os votos para presidente, governador, senador, deputado federal e deputado estadual no primeiro turno das elei\u00e7\u00f5es 2022 desse domingo,02 de outubro, de Paulo Frontin.\u00a0<em>Os candidatos mais votados na cidade n\u00e3o foram necessariamente eleitos como a elei\u00e7\u00e3o de \u00e2mbito estadual e nacional.<\/em><\/p>\n\n\n\n<p>Jair Bolsonaro, do PL, foi o candidato mais votado para a Presid\u00eancia da Rep\u00fablica na cidade. Para o cargo de governador do PR, Carlos Massa Ratinho Junior, do PSD, recebeu mais votos.<\/p>\n\n\n\n<figure class=\"wp-block-image size-full\"><img decoding=\"async\" src=\"https:\/\/radiostudiow.com.br\/site\/wp-content\/uploads\/2022\/09\/image-2.png\" alt=\"\" class=\"wp-image-8966\"\/><\/figure>\n\n\n\n<p>Ao fim da apura\u00e7\u00e3o na cidade, Jair Bolsonaro, do PL, teve 51,66% dos votos para a Presid\u00eancia (2.305 votos), enquanto Lula foi a escolha de 39,58% dos eleitores (1.766 votos) do munic\u00edpio.<\/p>\n\n\n\n<p>Para o cargo de governador, Carlos Massa Ratinho Junior recebeu 71,27% dos votos (2.840 votos) entre os eleitores de\u00a0Paulo Frontin. O segundo colocado nesse cen\u00e1rio foi Requi\u00e3o, com 26,80% (1.068 votos).<\/p>\n\n\n\n<p>Para o Senado, Sergio Moro liderou as escolhas do munic\u00edpio, com 1228 votos, vence quem obtiver a maior soma de votos no estado.<\/p>\n\n\n\n<p>Santin Roveda foi o mais votado pela cidade para ocupar um cargo na C\u00e2mara dos Deputados, com 1212 votos \u2013 para se eleger, \u00e9 preciso que o candidato e seu partido estejam entre os mais votados no estado para\u00a0atingir o quociente eleitoral e partid\u00e1rio.<\/p>\n\n\n\n<p>Para o cargo de deputado estadual, Emerson Bacil foi o mais votado pela cidade, com 914 votos \u2013 assim como ocorre para o cargo federal, \u00e9 preciso que o candidato e seu partido estejam entre os mais votados no estado para atingir o quociente eleitoral e partid\u00e1rio.<\/p>\n\n\n\n<p><strong><em>A elei\u00e7\u00e3o em\u00a0Paulo Frontin teve 14,71% de absten\u00e7\u00e3o.<\/em><\/strong><\/p>\n\n\n\n<figure class=\"wp-block-image size-full\"><img decoding=\"async\" src=\"https:\/\/radiostudiow.com.br\/site\/wp-content\/uploads\/2022\/07\/WRNET.jpg\" alt=\"\" class=\"wp-image-8313\"\/><\/figure>\n","protected":false},"excerpt":{"rendered":"<p>Confira os votos para presidente, governador, senador, deputado federal e deputado estadual no primeiro turno das elei\u00e7\u00f5es 2022 desse domingo,02 de outubro, de Paulo Frontin.\u00a0Os candidatos mais votados na cidade n\u00e3o foram necessariamente eleitos como a elei\u00e7\u00e3o de \u00e2mbito estadual e nacional. Jair Bolsonaro, do PL, foi o candidato mais votado para a Presid\u00eancia da [&hellip;]<\/p>\n","protected":false},"author":2,"featured_media":0,"comment_status":"open","ping_status":"open","sticky":false,"template":"","format":"standard","meta":{"footnotes":""},"categories":[7],"tags":[172],"class_list":["post-9125","post","type-post","status-publish","format-standard","hentry","category-geral","tag-featured"],"amp_enabled":true,"_links":{"self":[{"href":"https:\/\/radiostudiow.com.br\/site\/wp-json\/wp\/v2\/posts\/9125","targetHints":{"allow":["GET"]}}],"collection":[{"href":"https:\/\/radiostudiow.com.br\/site\/wp-json\/wp\/v2\/posts"}],"about":[{"href":"https:\/\/radiostudiow.com.br\/site\/wp-json\/wp\/v2\/types\/post"}],"author":[{"embeddable":true,"href":"https:\/\/radiostudiow.com.br\/site\/wp-json\/wp\/v2\/users\/2"}],"replies":[{"embeddable":true,"href":"https:\/\/radiostudiow.com.br\/site\/wp-json\/wp\/v2\/comments?post=9125"}],"version-history":[{"count":1,"href":"https:\/\/radiostudiow.com.br\/site\/wp-json\/wp\/v2\/posts\/9125\/revisions"}],"predecessor-version":[{"id":9126,"href":"https:\/\/radiostudiow.com.br\/site\/wp-json\/wp\/v2\/posts\/9125\/revisions\/9126"}],"wp:attachment":[{"href":"https:\/\/radiostudiow.com.br\/site\/wp-json\/wp\/v2\/media?parent=9125"}],"wp:term":[{"taxonomy":"category","embeddable":true,"href":"https:\/\/radiostudiow.com.br\/site\/wp-json\/wp\/v2\/categories?post=9125"},{"taxonomy":"post_tag","embeddable":true,"href":"https:\/\/radiostudiow.com.br\/site\/wp-json\/wp\/v2\/tags?post=9125"}],"curies":[{"name":"wp","href":"https:\/\/api.w.org\/{rel}","templated":true}]}}