{"id":9139,"date":"2022-10-05T18:03:12","date_gmt":"2022-10-05T21:03:12","guid":{"rendered":"https:\/\/radiostudiow.com.br\/site\/?p=9139"},"modified":"2025-01-31T15:09:53","modified_gmt":"2025-01-31T18:09:53","slug":"cancer-de-mama-pode-ser-genetico-mas-a-prevencao-e-o-melhor-jeito-para-evitar-a-doenca","status":"publish","type":"post","link":"https:\/\/radiostudiow.com.br\/site\/2022\/10\/05\/cancer-de-mama-pode-ser-genetico-mas-a-prevencao-e-o-melhor-jeito-para-evitar-a-doenca\/","title":{"rendered":"C\u00e2ncer de mama pode ser gen\u00e9tico, mas a preven\u00e7\u00e3o \u00e9 o melhor jeito para evitar a doen\u00e7a"},"content":{"rendered":"\n<p>H\u00e1 sempre um alerta na fam\u00edlia quando o c\u00e2ncer de mama \u00e9 diagnosticado em familiares. Mas, apesar da possibilidade de ser heredit\u00e1rio, o c\u00e2ncer de mama tem origem devido muta\u00e7\u00f5es gen\u00e9ticas em at\u00e9 10% dos casos, de acordo com o oncologista, especialista em c\u00e2ncer de mama do Hospital Santa Cruz\/Rede D\u2019Or, Raphael Garcia Alves (CRM-PR 30350\/ RQE 24835).<\/p>\n\n\n\n<figure class=\"wp-block-image size-full\"><img decoding=\"async\" src=\"https:\/\/radiostudiow.com.br\/site\/wp-content\/uploads\/2022\/07\/BAHNIUK.jpg\" alt=\"\" class=\"wp-image-8307\"\/><\/figure>\n\n\n\n<p>O Instituto Nacional do C\u00e2ncer (INCA), revela que o c\u00e2ncer de mama \u00e9 o mais comum nas mulheres, com incid\u00eancia de aproximadamente 29% dos casos novos de c\u00e2ncer. No Paran\u00e1, esse n\u00famero representa quase 48 casos para cada 100 mil habitantes.<em> \u201cHoje os novos tratamentos e o controle precoce do tumor trazem uma sobrevida e cura da doen\u00e7a maior do que nos anos anteriores\u201d, <\/em>declara o oncologista.<\/p>\n\n\n\n<p>Apesar da alta incid\u00eancia do c\u00e2ncer de mama, alguns fatores podem contribuir para seu aparecimento. De acordo com o m\u00e9dico, uma das avalia\u00e7\u00f5es a serem feitas \u00e9 em rela\u00e7\u00e3o aos fatores reprodutivos e hormonais. <em>\u201cSe a paciente apresenta hist\u00f3rico de menarca precoce, com idade da primeira menstrua\u00e7\u00e3o menor que 12 anos, menopausa depois dos 55 anos, gesta\u00e7\u00e3o ap\u00f3s os 30 anos ou ter recebido reposi\u00e7\u00e3o hormonal por mais de cinco anos s\u00e3o fatores de risco para o desenvolvimento de c\u00e2ncer de mama\u201d,<\/em> relata o especialista ratificando a import\u00e2ncia da realiza\u00e7\u00e3o de mamografia anual para detec\u00e7\u00e3o precoce, a partir de 40 anos.<\/p>\n\n\n\n<p>Ainda de acordo com o INCA, 28% dos casos de c\u00e2ncer de mama podem ser evitados com h\u00e1bitos de vida mais saud\u00e1veis. \u201cO sedentarismo, o consumo excessivo de bebidas alco\u00f3licas, a obesidade e sobrepeso tamb\u00e9m podem estimular o crescimento desordenado das c\u00e9lulas\u201d, ressalta o m\u00e9dico Raphael Garcia Alves.<\/p>\n\n\n\n<figure class=\"wp-block-image size-full\"><img decoding=\"async\" src=\"https:\/\/radiostudiow.com.br\/site\/wp-content\/uploads\/2022\/08\/image.png\" alt=\"\" class=\"wp-image-8498\"\/><\/figure>\n\n\n\n<p><strong>Testes gen\u00e9ticos<\/strong><\/p>\n\n\n\n<p>O oncologista avalia que os casos de c\u00e2ncer est\u00e3o sendo diagnosticados com mais anteced\u00eancia. <em>\u201cHoje, com a ajuda de exames para rastreamento, os n\u00f3dulos est\u00e3o sendo detectados em muitos casos precocemente, e isso \u00e9 muito bom, pois descobrir o tumor em sua fase inicial aumenta a probabilidade de cura\u201d, destaca.<\/em><\/p>\n\n\n\n<p>Uma das muta\u00e7\u00f5es gen\u00e9ticas mais importantes no c\u00e2ncer de mama \u00e9 o BRCA1 e BRCA2, uma muta\u00e7\u00e3o que altera o gene que produz as prote\u00ednas supressoras do tumor, tendo uma probabilidade de desenvolvimento do c\u00e2ncer.<em> \u201cCom a evolu\u00e7\u00e3o da medicina, pacientes com risco aumentado para a muta\u00e7\u00e3o do gene, como casos de c\u00e2ncer na fam\u00edlia e diagn\u00f3stico de c\u00e2ncer de mama e ov\u00e1rio, podem realizar o teste gen\u00e9tico, que possibilita conhecer se h\u00e1 muta\u00e7\u00e3o presente no DNA, garantindo uma avalia\u00e7\u00e3o mais eficaz\u201d, finaliza o oncologista.<\/em><\/p>\n\n\n\n<figure class=\"wp-block-image size-full\"><img decoding=\"async\" src=\"https:\/\/radiostudiow.com.br\/site\/wp-content\/uploads\/2022\/05\/SEPAC.jpg\" alt=\"\" class=\"wp-image-7600\"\/><\/figure>\n\n\n\n<p>Fonte: <a href=\"https:\/\/portalrdx.com.br\/\">https:\/\/portalrdx.com.br\/<\/a><\/p>\n","protected":false},"excerpt":{"rendered":"<p>H\u00e1 sempre um alerta na fam\u00edlia quando o c\u00e2ncer de mama \u00e9 diagnosticado em familiares. Mas, apesar da possibilidade de ser heredit\u00e1rio, o c\u00e2ncer de mama tem origem devido muta\u00e7\u00f5es gen\u00e9ticas em at\u00e9 10% dos casos, de acordo com o oncologista, especialista em c\u00e2ncer de mama do Hospital Santa Cruz\/Rede D\u2019Or, Raphael Garcia Alves (CRM-PR [&hellip;]<\/p>\n","protected":false},"author":2,"featured_media":9140,"comment_status":"open","ping_status":"open","sticky":false,"template":"","format":"standard","meta":{"footnotes":""},"categories":[7],"tags":[172],"class_list":["post-9139","post","type-post","status-publish","format-standard","has-post-thumbnail","hentry","category-geral","tag-featured"],"amp_enabled":true,"_links":{"self":[{"href":"https:\/\/radiostudiow.com.br\/site\/wp-json\/wp\/v2\/posts\/9139","targetHints":{"allow":["GET"]}}],"collection":[{"href":"https:\/\/radiostudiow.com.br\/site\/wp-json\/wp\/v2\/posts"}],"about":[{"href":"https:\/\/radiostudiow.com.br\/site\/wp-json\/wp\/v2\/types\/post"}],"author":[{"embeddable":true,"href":"https:\/\/radiostudiow.com.br\/site\/wp-json\/wp\/v2\/users\/2"}],"replies":[{"embeddable":true,"href":"https:\/\/radiostudiow.com.br\/site\/wp-json\/wp\/v2\/comments?post=9139"}],"version-history":[{"count":1,"href":"https:\/\/radiostudiow.com.br\/site\/wp-json\/wp\/v2\/posts\/9139\/revisions"}],"predecessor-version":[{"id":9141,"href":"https:\/\/radiostudiow.com.br\/site\/wp-json\/wp\/v2\/posts\/9139\/revisions\/9141"}],"wp:featuredmedia":[{"embeddable":true,"href":"https:\/\/radiostudiow.com.br\/site\/wp-json\/wp\/v2\/media\/9140"}],"wp:attachment":[{"href":"https:\/\/radiostudiow.com.br\/site\/wp-json\/wp\/v2\/media?parent=9139"}],"wp:term":[{"taxonomy":"category","embeddable":true,"href":"https:\/\/radiostudiow.com.br\/site\/wp-json\/wp\/v2\/categories?post=9139"},{"taxonomy":"post_tag","embeddable":true,"href":"https:\/\/radiostudiow.com.br\/site\/wp-json\/wp\/v2\/tags?post=9139"}],"curies":[{"name":"wp","href":"https:\/\/api.w.org\/{rel}","templated":true}]}}