{"id":9153,"date":"2022-10-07T10:14:24","date_gmt":"2022-10-07T13:14:24","guid":{"rendered":"https:\/\/radiostudiow.com.br\/site\/?p=9153"},"modified":"2025-01-31T15:09:53","modified_gmt":"2025-01-31T18:09:53","slug":"1-feira-de-sementes-e-mostra-de-trabalhos-interdisciplinares-pelos-70-anos-do-colegio-dario-veloso","status":"publish","type":"post","link":"https:\/\/radiostudiow.com.br\/site\/2022\/10\/07\/1-feira-de-sementes-e-mostra-de-trabalhos-interdisciplinares-pelos-70-anos-do-colegio-dario-veloso\/","title":{"rendered":"1\u00b0 Feira de Sementes e Mostra de Trabalhos Interdisciplinares pelos 70 anos do Col\u00e9gio Dario Veloso"},"content":{"rendered":"\n<p>O Col\u00e9gio Estadual Professor Dario Veloso realizou nessa quarta-feira, 05 de outubro, a 1\u00aa feira de exposi\u00e7\u00e3o de sementes e trabalhos interdisciplinares para comemorar os 70 anos da unidade de ensino.<\/p>\n\n\n\n<figure class=\"wp-block-image size-full\"><img decoding=\"async\" src=\"https:\/\/radiostudiow.com.br\/site\/wp-content\/uploads\/2022\/07\/BAHNIUK.jpg\" alt=\"\" class=\"wp-image-8307\"\/><\/figure>\n\n\n\n<p>De acordo com as professoras do ensino, os alunos se dedicaram muito para esse evento, foi gratificante o interesse e o resultado. Eles aprenderam sobre produ\u00e7\u00e3o agr\u00edcola, conserva\u00e7\u00e3o da biodiversidade, varia\u00e7\u00e3o gen\u00e9tica, aspectos e import\u00e2ncias sociais, culturais e ambientais no geral.<\/p>\n\n\n\n<p>O evento de exposi\u00e7\u00f5es de sementes, mudas de plantas, frutos, seres vivos, artes, receitas culin\u00e1rias, m\u00fasicas entre outro, foi organizado por professores e alunos matriculados entre o 6\u00ba ao 9\u00b0 ano do Ensino Fundamental e do 1\u00b0 e 3\u00b0 do Ensino M\u00e9dio prestigiado por escolas municipais e comunidade em geral. ABAIXO VOC\u00ca CONFERE UM V\u00cdDEO DE COMO FOI O EVENTO<\/p>\n\n\n\n<figure class=\"wp-block-image size-full\"><img decoding=\"async\" src=\"https:\/\/radiostudiow.com.br\/site\/wp-content\/uploads\/2022\/08\/image.png\" alt=\"\" class=\"wp-image-8498\"\/><\/figure>\n\n\n\n<figure class=\"wp-block-video\"><video controls src=\"https:\/\/radiostudiow.com.br\/site\/wp-content\/uploads\/2022\/10\/DV.mp4\"><\/video><\/figure>\n","protected":false},"excerpt":{"rendered":"<p>O Col\u00e9gio Estadual Professor Dario Veloso realizou nessa quarta-feira, 05 de outubro, a 1\u00aa feira de exposi\u00e7\u00e3o de sementes e trabalhos interdisciplinares para comemorar os 70 anos da unidade de ensino. De acordo com as professoras do ensino, os alunos se dedicaram muito para esse evento, foi gratificante o interesse e o resultado. Eles aprenderam [&hellip;]<\/p>\n","protected":false},"author":2,"featured_media":9158,"comment_status":"open","ping_status":"open","sticky":false,"template":"","format":"standard","meta":{"footnotes":""},"categories":[184],"tags":[172],"class_list":["post-9153","post","type-post","status-publish","format-standard","has-post-thumbnail","hentry","category-local","tag-featured"],"amp_enabled":true,"_links":{"self":[{"href":"https:\/\/radiostudiow.com.br\/site\/wp-json\/wp\/v2\/posts\/9153","targetHints":{"allow":["GET"]}}],"collection":[{"href":"https:\/\/radiostudiow.com.br\/site\/wp-json\/wp\/v2\/posts"}],"about":[{"href":"https:\/\/radiostudiow.com.br\/site\/wp-json\/wp\/v2\/types\/post"}],"author":[{"embeddable":true,"href":"https:\/\/radiostudiow.com.br\/site\/wp-json\/wp\/v2\/users\/2"}],"replies":[{"embeddable":true,"href":"https:\/\/radiostudiow.com.br\/site\/wp-json\/wp\/v2\/comments?post=9153"}],"version-history":[{"count":2,"href":"https:\/\/radiostudiow.com.br\/site\/wp-json\/wp\/v2\/posts\/9153\/revisions"}],"predecessor-version":[{"id":9156,"href":"https:\/\/radiostudiow.com.br\/site\/wp-json\/wp\/v2\/posts\/9153\/revisions\/9156"}],"wp:featuredmedia":[{"embeddable":true,"href":"https:\/\/radiostudiow.com.br\/site\/wp-json\/wp\/v2\/media\/9158"}],"wp:attachment":[{"href":"https:\/\/radiostudiow.com.br\/site\/wp-json\/wp\/v2\/media?parent=9153"}],"wp:term":[{"taxonomy":"category","embeddable":true,"href":"https:\/\/radiostudiow.com.br\/site\/wp-json\/wp\/v2\/categories?post=9153"},{"taxonomy":"post_tag","embeddable":true,"href":"https:\/\/radiostudiow.com.br\/site\/wp-json\/wp\/v2\/tags?post=9153"}],"curies":[{"name":"wp","href":"https:\/\/api.w.org\/{rel}","templated":true}]}}