{"id":9346,"date":"2022-10-22T11:53:18","date_gmt":"2022-10-22T14:53:18","guid":{"rendered":"https:\/\/radiostudiow.com.br\/site\/?p=9346"},"modified":"2025-01-31T15:09:52","modified_gmt":"2025-01-31T18:09:52","slug":"aluno-malletense-e-campeao-do-1o-concurso-soletrando-a-cultura","status":"publish","type":"post","link":"https:\/\/radiostudiow.com.br\/site\/2022\/10\/22\/aluno-malletense-e-campeao-do-1o-concurso-soletrando-a-cultura\/","title":{"rendered":"Aluno Malletense \u00e9 campe\u00e3o do 1\u00ba Concurso Soletrando a Cultura"},"content":{"rendered":"\n<p>A grande final do 1\u00ba Concurso Soletrando a Cultura ocorreu na C\u00e2mara de Vereadores de Irati, organizado pelo Projeto Folha Escola em parceria com o Col\u00e9gio Sesi e o Grupo Saber ocorreu na manh\u00e3 dessa sexta-feira (21).<\/p>\n\n\n\n<p>&nbsp;Os alunos vencedores foram<strong> Hugo Gabriel Sobanski, da Escola Rom\u00e3o Paul de Mallet<\/strong>, Tais Priscila Soares de Camargo, da Escola Prof\u00aa Genny S. Kuller e Laura Tribek Guedes, da Escola Bituva dos Machados, ambas de Fernandes Pinheiro.<\/p>\n\n\n\n<figure class=\"wp-block-image size-full\"><img decoding=\"async\" src=\"https:\/\/radiostudiow.com.br\/site\/wp-content\/uploads\/2022\/06\/SICREDI.jpg\" alt=\"\" class=\"wp-image-7695\"\/><\/figure>\n\n\n\n<p>Na ocasi\u00e3o, algumas autoridades municipais estiveram presentes, assim como, representantes das escolas finalistas e dos parceiros do Concurso. Para a fase final, os munic\u00edpios foram Mallet, Fernandes Pinheiro, Prudent\u00f3polis e Irati.<\/p>\n\n\n\n<p>Os alunos participantes foram Tais Priscila Soares de Camargo, Hugo Gabriel Sobanski, Laura Tribek Guedes, Nicoly Fiatcoski Leite, Carlos Eduardo Ferreira da Silva, Robson Nunes Dranski, Jhulia Kamily Palhuch, William dos Santos, Kau\u00e3 Aires, Andr\u00e9 Rafael Skorupski e Elisa Sandeski.<\/p>\n\n\n\n<figure class=\"wp-block-image size-full\"><img loading=\"lazy\" decoding=\"async\" width=\"1024\" height=\"683\" src=\"https:\/\/radiostudiow.com.br\/site\/wp-content\/uploads\/2022\/10\/311084196_5542387015876495_9213588875835846908_n.jpg\" alt=\"\" class=\"wp-image-9348\" srcset=\"https:\/\/radiostudiow.com.br\/site\/wp-content\/uploads\/2022\/10\/311084196_5542387015876495_9213588875835846908_n.jpg 1024w, https:\/\/radiostudiow.com.br\/site\/wp-content\/uploads\/2022\/10\/311084196_5542387015876495_9213588875835846908_n-300x200.jpg 300w, https:\/\/radiostudiow.com.br\/site\/wp-content\/uploads\/2022\/10\/311084196_5542387015876495_9213588875835846908_n-768x512.jpg 768w\" sizes=\"auto, (max-width: 1024px) 100vw, 1024px\" \/><figcaption>Foto: Karina Ludvichak<\/figcaption><\/figure>\n\n\n\n<p>Ao todo, 12 alunos representaram suas cidades e tinham o direito de soletrar cinco palavras. O primeiro colocado, Hugo Gabriel Sobanski, acertou todas as palavras e se consagrou o campe\u00e3o na primeira rodada. Para disputar segundo e terceiro lugar, seis alunos ficaram empatados, mas quem ganhou o segundo lugar foi a aluna Tais Priscila Soares de Camargo, que conseguiu acertar as quatro palavras propostas. Para o terceiro lugar, tr\u00eas alunas empataram e soletraram mais duas palavras cada, a aluna Laura Tribek Guedes conseguiu conquistar o terceiro lugar.<\/p>\n\n\n\n<p>A prefeita de Fernandes Pinheiro, Cleonice Schuck, esteve presente no evento e comentou a import\u00e2ncia da educa\u00e7\u00e3o nos munic\u00edpios. <em>\u201cO Concurso foi muito bonito, vibramos muito e foi muito intenso, mas valeu muito a pena. Gostaria de parabenizar a todos e, principalmente, as crian\u00e7as pela coragem e determina\u00e7\u00e3o. A educa\u00e7\u00e3o muda as pessoas e as pessoas mudam o mundo, \u00e9 para isto que trabalhamos\u201d,<\/em> disse a prefeita.<\/p>\n\n\n\n<figure class=\"wp-block-image size-full\"><img decoding=\"async\" src=\"https:\/\/radiostudiow.com.br\/site\/wp-content\/uploads\/2022\/05\/SEPAC.jpg\" alt=\"\" class=\"wp-image-7600\"\/><\/figure>\n\n\n\n<p>A prefeita interina de Irati, Ieda Waydzik, esteve presente na cerim\u00f4nia e ressaltou a import\u00e2ncia do concurso na vida dos alunos. <em>\u201cParabenizo a inciativa da Folha de Irati, essa intera\u00e7\u00e3o entre as crian\u00e7as e os professores \u00e9 muito importante. Eu acredito que as crian\u00e7as representam tudo o que sonhamos por um pa\u00eds melhor. O futuro est\u00e1 nas m\u00e3os da educa\u00e7\u00e3o\u201d<\/em>.<\/p>\n\n\n\n<figure class=\"wp-block-image size-full\"><img decoding=\"async\" src=\"https:\/\/radiostudiow.com.br\/site\/wp-content\/uploads\/2022\/10\/311123591_5542386785876518_2646113855069824793_n.jpg\" alt=\"\" class=\"wp-image-9349\"\/><figcaption>Foto: Karina Ludvichak<\/figcaption><\/figure>\n\n\n\n<p>O diretor do Grupo Saber, Michael Silva, comentou sobre o momento de intera\u00e7\u00e3o entre os munic\u00edpios. <em>\u201c\u00c9 muito gratificante ver todos participando, os alunos dando um show, mostrando todas as suas habilidades, muito ver todos unidos em uma competi\u00e7\u00e3o saud\u00e1vel e voltada para esta uni\u00e3o de escolas, professores e alunos. Parab\u00e9ns ao projeto\u201d.<\/em><\/p>\n\n\n\n<p>A diretora do Grupo Saber, Priscila Crovador, tamb\u00e9m parabenizou todos os alunos que soletraram no Concurso <em>\u201c\u00c9 muito bom ver o empenho de todos os alunos, achei incr\u00edvel eles soletrando. Parab\u00e9ns a todos os envolvidos e que venham mais edi\u00e7\u00f5es do Soletrando\u201d, <\/em>disse.<\/p>\n\n\n\n<p>O coordenador do Col\u00e9gio Sesi, Rafael Ruteski, comentou sobre a parceria com a Folha de Irati e parabenizou aos envolvidos no Concurso. <em>\u201c\u00c9 um enorme prazer participar deste evento e fazer parte como parceiros do Folha Escola. S\u00f3 a educa\u00e7\u00e3o transforma e precisamos de mais momentos como este. Parabenizo a Folha de Irati e todos os alunos pelo Concurso\u201d.<\/em><\/p>\n\n\n\n<figure class=\"wp-block-image size-full\"><img decoding=\"async\" src=\"https:\/\/radiostudiow.com.br\/site\/wp-content\/uploads\/2022\/07\/QUERO.QUERO_.jpg\" alt=\"\" class=\"wp-image-8289\"\/><\/figure>\n\n\n\n<p>A secret\u00e1ria de Educa\u00e7\u00e3o de Irati, Jandira Girardi, destacou a importante participa\u00e7\u00e3o dos professores no Concurso. <em>\u201c\u00c9 um prazer enorme participar deste Concurso da Folha de Irati que \u00e9 parceira da educa\u00e7\u00e3o h\u00e1 dois anos. Gostaria de parabenizar as escolas do munic\u00edpio por estarem na disputa e parabenizar os professores por participarem\u201d, <\/em>comenta a secret\u00e1ria.<\/p>\n\n\n\n<figure class=\"wp-block-image size-full\"><img decoding=\"async\" src=\"https:\/\/radiostudiow.com.br\/site\/wp-content\/uploads\/2022\/10\/8d1736de-img_9670-1024x683-1.jpg\" alt=\"\" class=\"wp-image-9350\"\/><figcaption>Foto: Karina Ludvichak<\/figcaption><\/figure>\n\n\n\n<p>O secret\u00e1rio de Educa\u00e7\u00e3o de Mallet, Elson Rogerio Krinski, parabenizou todas as crian\u00e7as envolvidas no projeto e agradeceu aos professores pelo empenho.<em> \u201cEu fico muito feliz em estarmos participando deste Concurso, todos os alunos s\u00e3o vencedores por chegarem at\u00e9 aqui. Quero agradecer muito a minha equipe da Educa\u00e7\u00e3o de Mallet pelo empenho e dedica\u00e7\u00e3o. Parab\u00e9ns a todos\u201d.<\/em><\/p>\n\n\n\n<p>Ana Paulo de Christo, representante da Secretaria de Educa\u00e7\u00e3o de Prudent\u00f3polis, agradeceu a Folha de Irati por proporcionar momentos de intera\u00e7\u00e3o com os alunos. <em>\u201c\u00c9 um projeto muito bem elaborado, uma organiza\u00e7\u00e3o incr\u00edvel. Tivemos uma etapa em Prudent\u00f3polis que foi muito emocionante e em Irati, na final, n\u00e3o foi diferente\u201d<\/em>, observa.<\/p>\n\n\n\n<figure class=\"wp-block-image size-full\"><img decoding=\"async\" src=\"https:\/\/radiostudiow.com.br\/site\/wp-content\/uploads\/2022\/07\/WRNET.jpg\" alt=\"\" class=\"wp-image-8313\"\/><\/figure>\n\n\n\n<p><strong>Premia\u00e7\u00e3o<\/strong><\/p>\n\n\n\n<p>O Supermercado GCenter de Irati distribuiu para os tr\u00eas primeiros colados, assim como as professoras, um vale brincadeiras no playground do Mercante de Irati e tamb\u00e9m um vale refei\u00e7\u00e3o para os alunos. Ainda, o GCenter entregou para as professoras orientadoras um brinde da Loja Matrioska de Irati.<\/p>\n\n\n\n<p>O Grupo Saber, parceiro do Folha Escola, premiou todos os alunos participantes das fases municipais com um m\u00eas gr\u00e1tis no M\u00e9todo Super C\u00e9rebro. Na final, ampliaram a premia\u00e7\u00e3o e entregaram para os primeiros colocados uma bolsa de estudos no valor de R$ 350, por tr\u00eas meses, para os alunos e professoras, assim como, R$ 300 em cr\u00e9dito nos cursos do Grupo Saber para todos que estavam presentes no evento.<\/p>\n\n\n\n<p>A prefeita de Fernandes Pinheiro e propriet\u00e1ria do Grupo Anila, motivada pela emo\u00e7\u00e3o do Concurso e a energia dos alunos, premiou os tr\u00eas vencedores e as professoras orientadoras com um almo\u00e7o completo para toda a fam\u00edlia.<\/p>\n\n\n\n<p>A Folha de Irati presentou os tr\u00eas primeiros colocados com um vale presente na Loja Sr. Smart de Irati. O 1\u00ba lugar recebeu um vale de R$ 150, o 2\u00ba lugar R$ 100 e o 3\u00ba lugar R$50.<\/p>\n\n\n\n<figure class=\"wp-block-image size-full\"><img decoding=\"async\" src=\"https:\/\/radiostudiow.com.br\/site\/wp-content\/uploads\/2022\/10\/3340eb80-img_9666-1024x683-1.jpg\" alt=\"\" class=\"wp-image-9352\"\/><figcaption>Foto: Karina Ludvichak<\/figcaption><\/figure>\n\n\n\n<figure class=\"wp-block-image size-full\"><img decoding=\"async\" src=\"https:\/\/radiostudiow.com.br\/site\/wp-content\/uploads\/2022\/08\/image.png\" alt=\"\" class=\"wp-image-8498\"\/><\/figure>\n\n\n\n<p><strong>AOS ALUNOS<\/strong><\/p>\n\n\n\n<p>O grande vencedor do 1\u00ba Concurso Soletrando a Cultura foi o aluno Hugo Gabriel Sobanski, da Escola Rom\u00e3o Paul, de Mallet. Ele ganhou um rel\u00f3gio da Xiomi Smart MiBand 5 e brindes do Grupo Saber.<\/p>\n\n\n\n<p>Em 2\u00ba lugar ficou a aluna Tais Priscila Soares de Camargo, da Escola Prof\u00aa Genny S. Kuller, de Fernandes Pinheiro. Ela ganhou como pr\u00eamio um rel\u00f3gio smart e diversos brindes do Grupo Saber.<\/p>\n\n\n\n<p>O 3\u00ba lugar ficou com a aluna Laura Tribek Guedes, da Escola Bituva dos Machados, de Fernandes Pinheiro. Ele recebeu um kit de pr\u00eamios do Grupo Saber, incluindo fones de ouvido, canetas, copos e outros brindes.<\/p>\n\n\n\n<p><strong>Premia\u00e7\u00e3o das professoras<\/strong><\/p>\n\n\n\n<p>A Folha de Irati entende que o papel do professor \u00e9 extremamente importante na vida de cada aluno e tem um papel fundamental na transforma\u00e7\u00e3o da sociedade. O Proejto Folha Escola n\u00e3o aconteceria sem a colabora\u00e7\u00e3o destes profissionais. Por este motivo, a Folha premiou as tr\u00eas professoras orientadoras dos primeiros colocados.&nbsp;<\/p>\n\n\n\n<figure class=\"wp-block-image size-large\"><img decoding=\"async\" src=\"https:\/\/radiostudiow.com.br\/site\/wp-content\/uploads\/2022\/10\/310049124_5542386592543204_5859649467204248513_n-771x1024.jpg\" alt=\"\" class=\"wp-image-9351\"\/><\/figure>\n\n\n\n<p>A professora que recebeu o pr\u00eamio de 1\u00ba colocado foi a Eliane Alves que recebeu R$ 400 em combust\u00edvel. Ela \u00e9 orientadora do aluno Hugo Gabriel Sobanski.<\/p>\n\n\n\n<p>A professora Ines KucKuller, da Escola Prof\u00aa Genny S. Kuller ganhou R$ 250 em combust\u00edvel. Professora da aluna Tais Priscila Soares de Camargo.<\/p>\n\n\n\n<p>A professora Leise Rocha de Lima, da Escola Rural Municipal Presidente Costa e Silva, R$150 em combust\u00edvel. Ela \u00e9 orientadora da aluna Laura Tribek Guedes.<\/p>\n\n\n\n<figure class=\"wp-block-image size-full\"><img decoding=\"async\" src=\"https:\/\/radiostudiow.com.br\/site\/wp-content\/uploads\/2022\/07\/CAFE.jpg\" alt=\"\" class=\"wp-image-8288\"\/><\/figure>\n\n\n\n<p>Fontes: <a href=\"https:\/\/www.folhadeirati.com.br\/\">https:\/\/www.folhadeirati.com.br\/<\/a> Foto: Karina Ludvichak<\/p>\n","protected":false},"excerpt":{"rendered":"<p>A grande final do 1\u00ba Concurso Soletrando a Cultura ocorreu na C\u00e2mara de Vereadores de Irati, organizado pelo Projeto Folha Escola em parceria com o Col\u00e9gio Sesi e o Grupo Saber ocorreu na manh\u00e3 dessa sexta-feira (21). &nbsp;Os alunos vencedores foram Hugo Gabriel Sobanski, da Escola Rom\u00e3o Paul de Mallet, Tais Priscila Soares de Camargo, [&hellip;]<\/p>\n","protected":false},"author":2,"featured_media":9347,"comment_status":"open","ping_status":"open","sticky":false,"template":"","format":"standard","meta":{"footnotes":""},"categories":[184],"tags":[172],"class_list":["post-9346","post","type-post","status-publish","format-standard","has-post-thumbnail","hentry","category-local","tag-featured"],"amp_enabled":true,"_links":{"self":[{"href":"https:\/\/radiostudiow.com.br\/site\/wp-json\/wp\/v2\/posts\/9346","targetHints":{"allow":["GET"]}}],"collection":[{"href":"https:\/\/radiostudiow.com.br\/site\/wp-json\/wp\/v2\/posts"}],"about":[{"href":"https:\/\/radiostudiow.com.br\/site\/wp-json\/wp\/v2\/types\/post"}],"author":[{"embeddable":true,"href":"https:\/\/radiostudiow.com.br\/site\/wp-json\/wp\/v2\/users\/2"}],"replies":[{"embeddable":true,"href":"https:\/\/radiostudiow.com.br\/site\/wp-json\/wp\/v2\/comments?post=9346"}],"version-history":[{"count":2,"href":"https:\/\/radiostudiow.com.br\/site\/wp-json\/wp\/v2\/posts\/9346\/revisions"}],"predecessor-version":[{"id":9355,"href":"https:\/\/radiostudiow.com.br\/site\/wp-json\/wp\/v2\/posts\/9346\/revisions\/9355"}],"wp:featuredmedia":[{"embeddable":true,"href":"https:\/\/radiostudiow.com.br\/site\/wp-json\/wp\/v2\/media\/9347"}],"wp:attachment":[{"href":"https:\/\/radiostudiow.com.br\/site\/wp-json\/wp\/v2\/media?parent=9346"}],"wp:term":[{"taxonomy":"category","embeddable":true,"href":"https:\/\/radiostudiow.com.br\/site\/wp-json\/wp\/v2\/categories?post=9346"},{"taxonomy":"post_tag","embeddable":true,"href":"https:\/\/radiostudiow.com.br\/site\/wp-json\/wp\/v2\/tags?post=9346"}],"curies":[{"name":"wp","href":"https:\/\/api.w.org\/{rel}","templated":true}]}}