{"id":9426,"date":"2022-10-27T12:39:19","date_gmt":"2022-10-27T15:39:19","guid":{"rendered":"https:\/\/radiostudiow.com.br\/site\/?p=9426"},"modified":"2025-01-31T15:09:51","modified_gmt":"2025-01-31T18:09:51","slug":"governador-anuncia-antecipacao-do-13o-salario-e-da-folha-de-dezembro-dos-servidores","status":"publish","type":"post","link":"https:\/\/radiostudiow.com.br\/site\/2022\/10\/27\/governador-anuncia-antecipacao-do-13o-salario-e-da-folha-de-dezembro-dos-servidores\/","title":{"rendered":"Governador anuncia antecipa\u00e7\u00e3o do 13\u00ba sal\u00e1rio e da folha de dezembro dos servidores"},"content":{"rendered":"\n<p>O 13\u00ba sal\u00e1rio dos funcion\u00e1rios p\u00fablicos estaduais do Paran\u00e1 ser\u00e1 pago de maneira integral no dia 6 de dezembro. A medida foi anunciada nesta quarta-feira, 26 de outubro, pelo governador Carlos Massa Ratinho Junior e vai beneficiar 156.944 servidores da ativa e mais 135.128 aposentados e pensionistas do Estado.<\/p>\n\n\n\n<figure class=\"wp-block-image size-full\"><img decoding=\"async\" src=\"https:\/\/radiostudiow.com.br\/site\/wp-content\/uploads\/2022\/10\/image-3.png\" alt=\"\" class=\"wp-image-9420\"\/><\/figure>\n\n\n\n<p>\u00c9 o quarto ano consecutivo com antecipa\u00e7\u00e3o. O 13\u00ba representa aporte adicional de R$ 1,9 bilh\u00e3o na folha de pagamento do funcionalismo.<\/p>\n\n\n\n<p>Ratinho Junior tamb\u00e9m anunciou o adiantamento do pagamento da folha de dezembro, outra pol\u00edtica que aconteceu em todos os anos da gest\u00e3o. Com isso, ao inv\u00e9s do \u00faltimo dia \u00fatil do m\u00eas, o sal\u00e1rio cair\u00e1 na conta dos servidores no dia 22 dezembro, \u00e0s v\u00e9speras do Natal.<\/p>\n\n\n\n<p><strong>Com o 13\u00ba e a folha de novembro, que ser\u00e1 paga no dia 30, os servidores ter\u00e3o tr\u00eas sal\u00e1rios em menos de um m\u00eas, o que deve representar aporte de cerca de R$ 5,7 bilh\u00f5es na economia paranaense.<\/strong><\/p>\n\n\n\n<p><em>\u201c\u00c9 o quarto ano consecutivo desse compromisso com os servidores. Todos os anos fizemos isso. \u00c9 uma forma de estimular o com\u00e9rcio e o turismo, com inje\u00e7\u00e3o de quase R$ 6 bilh\u00f5es na economia, o que ajuda a garantir esse ciclo virtuoso da nossa economia. Estamos encerrando a primeira gest\u00e3o com grandes investimentos, pol\u00edticas p\u00fablicas consolidadas e apoio aos nossos servidores\u201d<\/em>, disse o governador.<\/p>\n\n\n\n<p>Ele tamb\u00e9m destacou que essa medida se soma \u00e0s\u00a0promo\u00e7\u00f5es e progress\u00f5es\u00a0que est\u00e3o em andamento no Estado, pol\u00edtica que ajuda a valorizar ainda mais os servidores paranaenses.<\/p>\n\n\n\n<figure class=\"wp-block-image size-full\"><img decoding=\"async\" src=\"https:\/\/radiostudiow.com.br\/site\/wp-content\/uploads\/2022\/10\/image-2.png\" alt=\"\" class=\"wp-image-9419\"\/><\/figure>\n\n\n\n<p>Fonte: <strong><em>Com informa\u00e7\u00f5es AEN<\/em><\/strong> \/ <a href=\"https:\/\/portalrdx.com.br\/\">https:\/\/portalrdx.com.br\/<\/a><\/p>\n","protected":false},"excerpt":{"rendered":"<p>O 13\u00ba sal\u00e1rio dos funcion\u00e1rios p\u00fablicos estaduais do Paran\u00e1 ser\u00e1 pago de maneira integral no dia 6 de dezembro. A medida foi anunciada nesta quarta-feira, 26 de outubro, pelo governador Carlos Massa Ratinho Junior e vai beneficiar 156.944 servidores da ativa e mais 135.128 aposentados e pensionistas do Estado. \u00c9 o quarto ano consecutivo com [&hellip;]<\/p>\n","protected":false},"author":2,"featured_media":0,"comment_status":"open","ping_status":"open","sticky":false,"template":"","format":"standard","meta":{"footnotes":""},"categories":[7],"tags":[172],"class_list":["post-9426","post","type-post","status-publish","format-standard","hentry","category-geral","tag-featured"],"amp_enabled":true,"_links":{"self":[{"href":"https:\/\/radiostudiow.com.br\/site\/wp-json\/wp\/v2\/posts\/9426","targetHints":{"allow":["GET"]}}],"collection":[{"href":"https:\/\/radiostudiow.com.br\/site\/wp-json\/wp\/v2\/posts"}],"about":[{"href":"https:\/\/radiostudiow.com.br\/site\/wp-json\/wp\/v2\/types\/post"}],"author":[{"embeddable":true,"href":"https:\/\/radiostudiow.com.br\/site\/wp-json\/wp\/v2\/users\/2"}],"replies":[{"embeddable":true,"href":"https:\/\/radiostudiow.com.br\/site\/wp-json\/wp\/v2\/comments?post=9426"}],"version-history":[{"count":1,"href":"https:\/\/radiostudiow.com.br\/site\/wp-json\/wp\/v2\/posts\/9426\/revisions"}],"predecessor-version":[{"id":9428,"href":"https:\/\/radiostudiow.com.br\/site\/wp-json\/wp\/v2\/posts\/9426\/revisions\/9428"}],"wp:attachment":[{"href":"https:\/\/radiostudiow.com.br\/site\/wp-json\/wp\/v2\/media?parent=9426"}],"wp:term":[{"taxonomy":"category","embeddable":true,"href":"https:\/\/radiostudiow.com.br\/site\/wp-json\/wp\/v2\/categories?post=9426"},{"taxonomy":"post_tag","embeddable":true,"href":"https:\/\/radiostudiow.com.br\/site\/wp-json\/wp\/v2\/tags?post=9426"}],"curies":[{"name":"wp","href":"https:\/\/api.w.org\/{rel}","templated":true}]}}