{"id":9472,"date":"2022-11-02T10:28:22","date_gmt":"2022-11-02T13:28:22","guid":{"rendered":"https:\/\/radiostudiow.com.br\/site\/?p=9472"},"modified":"2025-01-31T15:09:51","modified_gmt":"2025-01-31T18:09:51","slug":"morre-aos-82-anos-dr-joao-ferreira-dias-filho-fundador-da-sepac-de-mallet","status":"publish","type":"post","link":"https:\/\/radiostudiow.com.br\/site\/2022\/11\/02\/morre-aos-82-anos-dr-joao-ferreira-dias-filho-fundador-da-sepac-de-mallet\/","title":{"rendered":"MORRE AOS 82 ANOS DR. JO\u00c3O FERREIRA DIAS FILHO, FUNDADOR DA SEPAC DE MALLET"},"content":{"rendered":"\n<p>Malletenses receberam com muita tristeza na manh\u00e3 desta quarta-feira dia 02 de novembro, a not\u00edcia do falecimento do Dr. Jo\u00e3o Ferreira Dias Filho, fundador da SEPAC, hoje pertencente a Softys Sepac, empresa chilena desde 2019.<\/p>\n\n\n\n<p>Fundada em 1974 junto com o irm\u00e3o, Dr. Amilcar de Rezende Dias, o qual faleceu no ano de 2017 aos 87 anos, a SEPAC sempre foi considerada o cora\u00e7\u00e3o da economia e geradora de empregos do munic\u00edpio de Mallet.<\/p>\n\n\n<div class=\"wp-block-image\">\n<figure class=\"aligncenter size-full\"><img decoding=\"async\" src=\"https:\/\/radiostudiow.com.br\/site\/wp-content\/uploads\/2022\/06\/NUTRI-MALLET.jpg\" alt=\"\" class=\"wp-image-7772\"\/><\/figure>\n<\/div>\n\n\n<p>O Dr. Jo\u00e3o, assim como era conhecido por todos, al\u00e9m deste grande empres\u00e1rio foi m\u00e9dico e por muitos anos esteve \u00e0 frente do Hospital de Caridade S\u00e3o Pedro aqui do munic\u00edpio.<\/p>\n\n\n\n<p>Dr. Jo\u00e3o Ferreira Dias Filho, faleceu aos 82 anos de idade no Hospital Nossa Senhora Das Gra\u00e7as na Capital do estado.<\/p>\n\n\n\n<p>O local do Vel\u00f3rio est\u00e1 ocorrendo na Capela do Cemit\u00e9rio Parque Igua\u00e7u em Curitiba e ser\u00e1 sepultado nesta quinta-feira dia 03 de novembro \u00e0s 10:00 horas da manh\u00e3 no mesmo local.<\/p>\n\n\n\n<p>Em nome da Studio W, nossos votos de condol\u00eancias \u00e0 fam\u00edlia enlutada.<\/p>\n\n\n\n<p>Foto: Gazeta do Povo<\/p>\n\n\n<div class=\"wp-block-image\">\n<figure class=\"aligncenter size-full is-resized\"><img loading=\"lazy\" decoding=\"async\" src=\"https:\/\/radiostudiow.com.br\/site\/wp-content\/uploads\/2022\/07\/QUERO.QUERO_.jpg\" alt=\"\" class=\"wp-image-8289\" width=\"611\" height=\"139\"\/><\/figure>\n<\/div>","protected":false},"excerpt":{"rendered":"<p>Malletenses receberam com muita tristeza na manh\u00e3 desta quarta-feira dia 02 de novembro, a not\u00edcia do falecimento do Dr. Jo\u00e3o Ferreira Dias Filho, fundador da SEPAC, hoje pertencente a Softys Sepac, empresa chilena desde 2019. Fundada em 1974 junto com o irm\u00e3o, Dr. Amilcar de Rezende Dias, o qual faleceu no ano de 2017 aos [&hellip;]<\/p>\n","protected":false},"author":2,"featured_media":9473,"comment_status":"open","ping_status":"open","sticky":false,"template":"","format":"standard","meta":{"footnotes":""},"categories":[7,184],"tags":[172],"class_list":["post-9472","post","type-post","status-publish","format-standard","has-post-thumbnail","hentry","category-geral","category-local","tag-featured"],"amp_enabled":true,"_links":{"self":[{"href":"https:\/\/radiostudiow.com.br\/site\/wp-json\/wp\/v2\/posts\/9472","targetHints":{"allow":["GET"]}}],"collection":[{"href":"https:\/\/radiostudiow.com.br\/site\/wp-json\/wp\/v2\/posts"}],"about":[{"href":"https:\/\/radiostudiow.com.br\/site\/wp-json\/wp\/v2\/types\/post"}],"author":[{"embeddable":true,"href":"https:\/\/radiostudiow.com.br\/site\/wp-json\/wp\/v2\/users\/2"}],"replies":[{"embeddable":true,"href":"https:\/\/radiostudiow.com.br\/site\/wp-json\/wp\/v2\/comments?post=9472"}],"version-history":[{"count":1,"href":"https:\/\/radiostudiow.com.br\/site\/wp-json\/wp\/v2\/posts\/9472\/revisions"}],"predecessor-version":[{"id":9474,"href":"https:\/\/radiostudiow.com.br\/site\/wp-json\/wp\/v2\/posts\/9472\/revisions\/9474"}],"wp:featuredmedia":[{"embeddable":true,"href":"https:\/\/radiostudiow.com.br\/site\/wp-json\/wp\/v2\/media\/9473"}],"wp:attachment":[{"href":"https:\/\/radiostudiow.com.br\/site\/wp-json\/wp\/v2\/media?parent=9472"}],"wp:term":[{"taxonomy":"category","embeddable":true,"href":"https:\/\/radiostudiow.com.br\/site\/wp-json\/wp\/v2\/categories?post=9472"},{"taxonomy":"post_tag","embeddable":true,"href":"https:\/\/radiostudiow.com.br\/site\/wp-json\/wp\/v2\/tags?post=9472"}],"curies":[{"name":"wp","href":"https:\/\/api.w.org\/{rel}","templated":true}]}}