{"id":9531,"date":"2022-11-08T10:04:27","date_gmt":"2022-11-08T13:04:27","guid":{"rendered":"https:\/\/radiostudiow.com.br\/site\/?p=9531"},"modified":"2025-01-31T15:09:50","modified_gmt":"2025-01-31T18:09:50","slug":"enem-comeca-domingo-com-prova-de-redacao","status":"publish","type":"post","link":"https:\/\/radiostudiow.com.br\/site\/2022\/11\/08\/enem-comeca-domingo-com-prova-de-redacao\/","title":{"rendered":"ENEM: come\u00e7a domingo com prova de reda\u00e7\u00e3o"},"content":{"rendered":"\n<p>O Exame Nacional do Ensino M\u00e9dio (Enem) 2022 come\u00e7a a ser aplicado no pr\u00f3ximo\u00a0domingo (13). Al\u00e9m das provas de linguagens e ci\u00eancias humanas, os estudantes far\u00e3o a \u00fanica prova subjetiva do exame, a de reda\u00e7\u00e3o. Os cerca de 3,4 milh\u00f5es de estudantes ter\u00e3o cinco horas e meia para responder a todas as quest\u00f5es.\u00a0<img decoding=\"async\" src=\"https:\/\/agenciabrasil.ebc.com.br\/ebc.png?id=1492708&amp;o=node\"><\/p>\n\n\n\n<p>Ir bem na reda\u00e7\u00e3o pode ser um diferencial para o candidato. As notas dessa prova variam de 0 a mil. Os candidatos que zeram a prova n\u00e3o podem participar de programas como o Sistema de Sele\u00e7\u00e3o Unificada (Sisu), que oferece vagas em institui\u00e7\u00f5es p\u00fablicas de ensino superior, ou o Programa Universidade para Todos (ProUni), que concede bolsas de estudo em institui\u00e7\u00f5es privadas de ensino superior.&nbsp;<\/p>\n\n\n\n<figure class=\"wp-block-image size-full\"><img decoding=\"async\" src=\"https:\/\/radiostudiow.com.br\/site\/wp-content\/uploads\/2022\/10\/image-3.png\" alt=\"\" class=\"wp-image-9420\"\/><\/figure>\n\n\n\n<p>Na reta final de prepara\u00e7\u00e3o, a dica \u00e9 que os estudantes revisem as pr\u00f3prias reda\u00e7\u00f5es escritas ao longo do ano e que vejam exemplos de reda\u00e7\u00f5es que obtiveram nota m\u00e1xima. \u201cRecomendo que leiam o maior n\u00famero de reda\u00e7\u00f5es poss\u00edvel porque agora \u00e9 muito ruim pressionar o estudante para que fa\u00e7a maratona [de escrita]. Ler as&nbsp;<a href=\"https:\/\/www.youtube.com\/channel\/UCQFeYEP52ug66coVlayWGXA\" target=\"_blank\" rel=\"noreferrer noopener\">reda\u00e7\u00f5es nota mil<\/a>&nbsp;\u00e9 um estudo ativo e mais confort\u00e1vel\u201d, diz o professor de l\u00edngua portuguesa e reda\u00e7\u00e3o Vin\u00edcius Oliveira, conhecido como Profinho.<\/p>\n\n\n\n<p>Oliveira foi um dos 77 participantes do Enem 2016 que tiraram a nota m\u00e1xima na reda\u00e7\u00e3o. Naquele ano, mais de 6 milh\u00f5es fizeram a prova. A reda\u00e7\u00e3o que escreveu apareceu na cartilha divulgada anualmente pelo Instituto Nacional de Estudos e Pesquisas Educacionais An\u00edsio Teixeira (Inep) como exemplo de texto nota mil, em 2017.<\/p>\n\n\n\n<p>A cartilha do Enem 2022 est\u00e1 dispon\u00edvel na&nbsp;<a href=\"https:\/\/download.inep.gov.br\/download\/enem\/cartilha_do_participante_enem_2022.pdf\" target=\"_blank\" rel=\"noreferrer noopener\">internet<\/a>&nbsp;.&nbsp;Ela explica os crit\u00e9rios de corre\u00e7\u00e3o e traz exemplos de reda\u00e7\u00f5es que receberam a nota m\u00e1xima para ajudar os estudantes na prepara\u00e7\u00e3o para o exame.<\/p>\n\n\n\n<p>A professora de l\u00edngua portuguesa e produ\u00e7\u00e3o textual do Col\u00e9gio Mopi, no Rio de Janeiro, Tatiana Nunes Camara recomenda que, nessa reta final, os estudantes releiam tamb\u00e9m os pr\u00f3prios textos e revejam as anota\u00e7\u00f5es e as corre\u00e7\u00f5es feitas por professores. \u201cO mais importante de tudo \u00e9 ter confian\u00e7a do que sabe e ter capacidade de produzir de forma autoral. Isso vai dar mais seguran\u00e7a para o aluno fazer uma boa prova\u201d, diz.&nbsp;<\/p>\n\n\n\n<p>A professora sugere ainda que, no dia do exame, os estudantes comecem pela prova de reda\u00e7\u00e3o. \u201cPor ser a \u00fanica prova discursiva, ela exige mais clareza, uma cabe\u00e7a limpa. Deixar essa prova por \u00faltimo pode prejudicar o estudante\u201d.&nbsp;<\/p>\n\n\n\n<p>J\u00e1 Oliveira recomenda que os estudantes leiam a prova de reda\u00e7\u00e3o e intercalem a escrita com a resolu\u00e7\u00e3o de quest\u00f5es objetivas da prova de linguagens. \u201cIsso \u00e9 legal por dois motivos, primeiro porque refresca um pouco a mente para ter mais ideias e, segundo, porque algum texto da prova pode colaborar com a argumenta\u00e7\u00e3o do aluno. N\u00e3o pode copiar o texto, mas pode abrir a mente para alguma ideia\u201d.\u00a0<\/p>\n\n\n\n<figure class=\"wp-block-image size-full\"><img decoding=\"async\" src=\"https:\/\/radiostudiow.com.br\/site\/wp-content\/uploads\/2022\/09\/image-1.png\" alt=\"\" class=\"wp-image-8965\"\/><\/figure>\n\n\n\n<h2 class=\"wp-block-heading\">Corre\u00e7\u00e3o da reda\u00e7\u00e3o\u00a0<\/h2>\n\n\n\n<p>As reda\u00e7\u00f5es do Enem s\u00e3o avaliadas em cinco compet\u00eancias, cada uma valendo 200 pontos: demonstrar dom\u00ednio da modalidade escrita formal da l\u00edngua portuguesa; compreender a proposta de reda\u00e7\u00e3o e aplicar conceitos das v\u00e1rias \u00e1reas de conhecimento para desenvolver o tema, dentro dos limites estruturais do texto dissertativo-argumentativo em prosa; selecionar, relacionar, organizar e interpretar informa\u00e7\u00f5es, fatos, opini\u00f5es e argumentos em defesa de um ponto de vista; demonstrar conhecimento dos mecanismos lingu\u00edsticos necess\u00e1rios para a constru\u00e7\u00e3o da argumenta\u00e7\u00e3o; e elaborar proposta de interven\u00e7\u00e3o para o problema abordado, respeitando os direitos humanos.<\/p>\n\n\n\n<p>Cada prova passa por dois corretores. Caso haja diferen\u00e7a de mais de 100 pontos em rela\u00e7\u00e3o \u00e0 nota total da prova ou de mais de 80 pontos em rela\u00e7\u00e3o a alguma das compet\u00eancias, o texto passa, ent\u00e3o, por um terceiro corretor. Se a diferen\u00e7a persistir, a prova \u00e9 avaliada por uma banca composta por tr\u00eas professores, que atribuir\u00e1 a nota final do participante.<\/p>\n\n\n\n<p><\/p>\n\n\n\n<figure class=\"wp-block-image size-full\"><img decoding=\"async\" src=\"https:\/\/radiostudiow.com.br\/site\/wp-content\/uploads\/2022\/10\/image-2.png\" alt=\"\" class=\"wp-image-9419\"\/><\/figure>\n\n\n\n<h2 class=\"wp-block-heading\">Cuidado com a nota zero\u00a0<\/h2>\n\n\n\n<p>Segundo o edital do Enem, s\u00e3o motivos para zerar a reda\u00e7\u00e3o:\u00a0<\/p>\n\n\n\n<p>\u2022 Fuga total ao tema;<\/p>\n\n\n\n<p>\u2022 N\u00e3o obedi\u00eancia ao tipo dissertativo-argumentativo;<\/p>\n\n\n\n<p>\u2022 Texto com at\u00e9 sete linhas manuscritas, qualquer que seja o conte\u00fado, ou extens\u00e3o de at\u00e9 dez linhas escritas no sistema Braille;<\/p>\n\n\n\n<p>\u2022 C\u00f3pia de texto(s) da prova de reda\u00e7\u00e3o e\/ou do Caderno de Quest\u00f5es sem que haja pelo menos oito linhas de produ\u00e7\u00e3o pr\u00f3pria do participante;<\/p>\n\n\n\n<p>\u2022 Improp\u00e9rios, desenhos e outras formas propositais de anula\u00e7\u00e3o, em qualquer parte da folha de reda\u00e7\u00e3o;<\/p>\n\n\n\n<p>\u2022 N\u00fameros ou sinais gr\u00e1ficos sem fun\u00e7\u00e3o clara em qualquer parte do texto ou da folha de reda\u00e7\u00e3o;<\/p>\n\n\n\n<p>\u2022 Parte deliberadamente desconectada do tema proposto;<\/p>\n\n\n\n<p>\u2022 Assinatura, nome, iniciais, apelido, codinome ou rubrica fora do local devidamente designado para a assinatura do participante;<\/p>\n\n\n\n<p>\u2022 Texto predominante ou integralmente escrito em l\u00edngua estrangeira;<\/p>\n\n\n\n<p>\u2022 Folha de reda\u00e7\u00e3o em branco, mesmo que haja texto escrito na folha de rascunho; e<\/p>\n\n\n\n<p>\u2022 Texto ileg\u00edvel, que impossibilite sua leitura por dois avaliadores independentes.<\/p>\n\n\n\n<figure class=\"wp-block-image size-full\"><img decoding=\"async\" src=\"https:\/\/radiostudiow.com.br\/site\/wp-content\/uploads\/2022\/07\/BAHNIUK.jpg\" alt=\"\" class=\"wp-image-8307\"\/><\/figure>\n\n\n\n<p><strong>Veja os temas das reda\u00e7\u00f5es de anos anteriores:\u00a0<\/strong><\/p>\n\n\n\n<ul class=\"wp-block-list\">\n<li>Enem 2009: O indiv\u00edduo frente \u00e0 \u00e9tica nacional;<\/li>\n\n\n\n<li>Enem 2010: O trabalho na constru\u00e7\u00e3o da dignidade humana;<\/li>\n\n\n\n<li>Enem 2011:\u00a0 Viver em rede no s\u00e9culo XXI: os limites entre o p\u00fablico e o privado;<\/li>\n\n\n\n<li>Enem 2012: O movimento imigrat\u00f3rio para o Brasil no s\u00e9culo XXI;<\/li>\n\n\n\n<li>Enem 2013:\u00a0 Efeitos da implanta\u00e7\u00e3o da Lei Seca no Brasil;<\/li>\n\n\n\n<li>Enem 2014: Publicidade infantil em quest\u00e3o no Brasil;<\/li>\n\n\n\n<li>Enem 2015: A persist\u00eancia da viol\u00eancia contra a mulher na sociedade brasileira;<\/li>\n\n\n\n<li>Enem 2016: Caminhos para combater a intoler\u00e2ncia religiosa no Brasil e Caminhos para combater o racismo no Brasil \u2013 Neste ano houve duas aplica\u00e7\u00f5es regulares do exame;<\/li>\n\n\n\n<li>Enem 2017: Desafios para forma\u00e7\u00e3o educacional de surdos no Brasil;<\/li>\n\n\n\n<li>Enem 2018: Manipula\u00e7\u00e3o do comportamento do usu\u00e1rio pelo controle de dados na internet;<\/li>\n\n\n\n<li>Enem 2019: Democratiza\u00e7\u00e3o do acesso ao cinema no Brasil;<\/li>\n\n\n\n<li>Enem 2020: O Estigma Associado \u00e0s Doen\u00e7as Mentais na Sociedade Brasileira (Enem impresso), O desafio de reduzir as desigualdades entre as regi\u00f5es do Brasil (Enem digital) e A falta de empatia nas rela\u00e7\u00f5es sociais no Brasil (Enem PPL e reaplica\u00e7\u00e3o);<\/li>\n\n\n\n<li>Enem 2021: Invisibilidade e Registro Civil: garantia de acesso \u00e0 cidadania no Brasil.<\/li>\n<\/ul>\n\n\n\n<figure class=\"wp-block-image size-full\"><img decoding=\"async\" src=\"https:\/\/radiostudiow.com.br\/site\/wp-content\/uploads\/2022\/10\/image-1.png\" alt=\"\" class=\"wp-image-9418\"\/><\/figure>\n\n\n\n<h2 class=\"wp-block-heading\">Enem 2022<\/h2>\n\n\n\n<p>O Enem ser\u00e1 aplicado nos dias 13 e 20 de novembro para cerca de 3,4 milh\u00f5es de estudantes em todo o pa\u00eds. No primeiro dia de prova, os participantes far\u00e3o as provas de linguagens, ci\u00eancias humanas e reda\u00e7\u00e3o. No segundo, matem\u00e1tica e ci\u00eancias da natureza. Os locais de prova est\u00e3o dispon\u00edveis no Cart\u00e3o de Confirma\u00e7\u00e3o de Inscri\u00e7\u00e3o, na P\u00e1gina do Participante.<\/p>\n\n\n\n<p>Quem est\u00e1 se preparando para o Enem pode acessar todas as provas e os gabaritos de edi\u00e7\u00f5es anteriores no\u00a0<a rel=\"noreferrer noopener\" href=\"https:\/\/www.gov.br\/inep\/pt-br\/areas-de-atuacao\/avaliacao-e-exames-educacionais\/enem\/orientacoes\/provas-e-gabaritos\" target=\"_blank\"><em>site<\/em>\u00a0do Inep<\/a>, para se preparar para as provas. Para testar os conhecimentos, os estudantes podem acessar gratuitamente o\u00a0<a rel=\"noreferrer noopener\" href=\"http:\/\/https\/\/questoesenem.ebc.com.br\/\" target=\"_blank\">Quest\u00f5es Enem<\/a>, um banco preparado pela\u00a0<strong>Empresa Brasil de Comunica\u00e7\u00e3o<\/strong>\u00a0(<strong>EBC<\/strong>), que re\u00fane quest\u00f5es de provas de anos anteriores. No sistema, \u00e9 poss\u00edvel escolher quais \u00e1reas do conhecimento se quer estudar. O banco seleciona as quest\u00f5es de maneira aleat\u00f3ria.\u00a0<\/p>\n\n\n\n<figure class=\"wp-block-image size-full\"><img decoding=\"async\" src=\"https:\/\/radiostudiow.com.br\/site\/wp-content\/uploads\/2022\/07\/CAFE.jpg\" alt=\"\" class=\"wp-image-8288\"\/><\/figure>\n\n\n\n<p><em>Ag\u00eancia Brasil<\/em><\/p>\n","protected":false},"excerpt":{"rendered":"<p>O Exame Nacional do Ensino M\u00e9dio (Enem) 2022 come\u00e7a a ser aplicado no pr\u00f3ximo\u00a0domingo (13). Al\u00e9m das provas de linguagens e ci\u00eancias humanas, os estudantes far\u00e3o a \u00fanica prova subjetiva do exame, a de reda\u00e7\u00e3o. Os cerca de 3,4 milh\u00f5es de estudantes ter\u00e3o cinco horas e meia para responder a todas as quest\u00f5es.\u00a0 Ir bem [&hellip;]<\/p>\n","protected":false},"author":2,"featured_media":9532,"comment_status":"open","ping_status":"open","sticky":false,"template":"","format":"standard","meta":{"footnotes":""},"categories":[7],"tags":[172],"class_list":["post-9531","post","type-post","status-publish","format-standard","has-post-thumbnail","hentry","category-geral","tag-featured"],"amp_enabled":true,"_links":{"self":[{"href":"https:\/\/radiostudiow.com.br\/site\/wp-json\/wp\/v2\/posts\/9531","targetHints":{"allow":["GET"]}}],"collection":[{"href":"https:\/\/radiostudiow.com.br\/site\/wp-json\/wp\/v2\/posts"}],"about":[{"href":"https:\/\/radiostudiow.com.br\/site\/wp-json\/wp\/v2\/types\/post"}],"author":[{"embeddable":true,"href":"https:\/\/radiostudiow.com.br\/site\/wp-json\/wp\/v2\/users\/2"}],"replies":[{"embeddable":true,"href":"https:\/\/radiostudiow.com.br\/site\/wp-json\/wp\/v2\/comments?post=9531"}],"version-history":[{"count":1,"href":"https:\/\/radiostudiow.com.br\/site\/wp-json\/wp\/v2\/posts\/9531\/revisions"}],"predecessor-version":[{"id":9533,"href":"https:\/\/radiostudiow.com.br\/site\/wp-json\/wp\/v2\/posts\/9531\/revisions\/9533"}],"wp:featuredmedia":[{"embeddable":true,"href":"https:\/\/radiostudiow.com.br\/site\/wp-json\/wp\/v2\/media\/9532"}],"wp:attachment":[{"href":"https:\/\/radiostudiow.com.br\/site\/wp-json\/wp\/v2\/media?parent=9531"}],"wp:term":[{"taxonomy":"category","embeddable":true,"href":"https:\/\/radiostudiow.com.br\/site\/wp-json\/wp\/v2\/categories?post=9531"},{"taxonomy":"post_tag","embeddable":true,"href":"https:\/\/radiostudiow.com.br\/site\/wp-json\/wp\/v2\/tags?post=9531"}],"curies":[{"name":"wp","href":"https:\/\/api.w.org\/{rel}","templated":true}]}}