{"id":9679,"date":"2022-11-21T17:41:35","date_gmt":"2022-11-21T20:41:35","guid":{"rendered":"https:\/\/radiostudiow.com.br\/site\/?p=9679"},"modified":"2025-01-31T15:09:49","modified_gmt":"2025-01-31T18:09:49","slug":"homem-e-preso-apos-tentar-matar-o-irmao-a-facadas-em-sao-mateus-do-sul","status":"publish","type":"post","link":"https:\/\/radiostudiow.com.br\/site\/2022\/11\/21\/homem-e-preso-apos-tentar-matar-o-irmao-a-facadas-em-sao-mateus-do-sul\/","title":{"rendered":"Homem \u00e9 preso ap\u00f3s tentar matar o irm\u00e3o a facadas em S\u00e3o Mateus do Sul"},"content":{"rendered":"\n<p>Um homem foi preso ap\u00f3s tentar matar o pr\u00f3prio irm\u00e3o a facadas, na noite do \u00faltimo s\u00e1bado (19), na Vila Bom Jesus, em S\u00e3o Mateus do Sul.<\/p>\n\n\n\n<figure class=\"wp-block-image size-full\"><img decoding=\"async\" src=\"https:\/\/radiostudiow.com.br\/site\/wp-content\/uploads\/2022\/07\/AFUBRE-IRATI.jpg\" alt=\"\" class=\"wp-image-7992\"\/><\/figure>\n\n\n\n<p>Segundo informa\u00e7\u00f5es da Pol\u00edcia Militar, o acusado apresentava sinais de embriaguez quando a equipe chegou ao local e fez a abordagem em via p\u00fablica. Com ele, nada de il\u00edcito foi encontrado. Ao ser questionado sobre os fatos, o mesmo afirmou que queria matar o irm\u00e3o.<\/p>\n\n\n\n<p>A faca utilizada no crime foi encontrada dentro de um terreno com vest\u00edgios de sangue. Diante dos fatos, o acusado recebeu voz de pris\u00e3o e foi encaminhado ao Pronto Atendimento Municipal e posteriormente \u00e0 3\u00aa Subdivis\u00e3o Policial (SDP).<\/p>\n\n\n\n<p>No Pronto Atendimento Municipal, a PM recebeu informa\u00e7\u00e3o por parte do m\u00e9dico plantonista de que a v\u00edtima havia sido lesionada duas vezes no bra\u00e7o esquerdo (uma delas na regi\u00e3o do b\u00edceps, atingindo a art\u00e9ria, e outra no antebra\u00e7o), e outro golpe no t\u00f3rax na lateral esquerda, sendo que este ferimento havia perfurado o pulm\u00e3o, e que o homem passou por procedimento cir\u00fargico no Hospital e Maternidade Doutor Paulo Fortes.<\/p>\n\n\n\n<figure class=\"wp-block-image size-full\"><img decoding=\"async\" src=\"https:\/\/radiostudiow.com.br\/site\/wp-content\/uploads\/2022\/11\/image-7.png\" alt=\"\" class=\"wp-image-9553\"\/><\/figure>\n","protected":false},"excerpt":{"rendered":"<p>Um homem foi preso ap\u00f3s tentar matar o pr\u00f3prio irm\u00e3o a facadas, na noite do \u00faltimo s\u00e1bado (19), na Vila Bom Jesus, em S\u00e3o Mateus do Sul. Segundo informa\u00e7\u00f5es da Pol\u00edcia Militar, o acusado apresentava sinais de embriaguez quando a equipe chegou ao local e fez a abordagem em via p\u00fablica. Com ele, nada de [&hellip;]<\/p>\n","protected":false},"author":2,"featured_media":9368,"comment_status":"open","ping_status":"open","sticky":false,"template":"","format":"standard","meta":{"footnotes":""},"categories":[2],"tags":[172],"class_list":["post-9679","post","type-post","status-publish","format-standard","has-post-thumbnail","hentry","category-policial","tag-featured"],"amp_enabled":true,"_links":{"self":[{"href":"https:\/\/radiostudiow.com.br\/site\/wp-json\/wp\/v2\/posts\/9679","targetHints":{"allow":["GET"]}}],"collection":[{"href":"https:\/\/radiostudiow.com.br\/site\/wp-json\/wp\/v2\/posts"}],"about":[{"href":"https:\/\/radiostudiow.com.br\/site\/wp-json\/wp\/v2\/types\/post"}],"author":[{"embeddable":true,"href":"https:\/\/radiostudiow.com.br\/site\/wp-json\/wp\/v2\/users\/2"}],"replies":[{"embeddable":true,"href":"https:\/\/radiostudiow.com.br\/site\/wp-json\/wp\/v2\/comments?post=9679"}],"version-history":[{"count":1,"href":"https:\/\/radiostudiow.com.br\/site\/wp-json\/wp\/v2\/posts\/9679\/revisions"}],"predecessor-version":[{"id":9680,"href":"https:\/\/radiostudiow.com.br\/site\/wp-json\/wp\/v2\/posts\/9679\/revisions\/9680"}],"wp:featuredmedia":[{"embeddable":true,"href":"https:\/\/radiostudiow.com.br\/site\/wp-json\/wp\/v2\/media\/9368"}],"wp:attachment":[{"href":"https:\/\/radiostudiow.com.br\/site\/wp-json\/wp\/v2\/media?parent=9679"}],"wp:term":[{"taxonomy":"category","embeddable":true,"href":"https:\/\/radiostudiow.com.br\/site\/wp-json\/wp\/v2\/categories?post=9679"},{"taxonomy":"post_tag","embeddable":true,"href":"https:\/\/radiostudiow.com.br\/site\/wp-json\/wp\/v2\/tags?post=9679"}],"curies":[{"name":"wp","href":"https:\/\/api.w.org\/{rel}","templated":true}]}}