{"id":9686,"date":"2022-11-22T12:01:27","date_gmt":"2022-11-22T15:01:27","guid":{"rendered":"https:\/\/radiostudiow.com.br\/site\/?p=9686"},"modified":"2025-01-31T15:09:48","modified_gmt":"2025-01-31T18:09:48","slug":"incendio-atinge-morro-das-comunicacoes-em-irati-e-corpo-de-bombeiros-e-acionado","status":"publish","type":"post","link":"https:\/\/radiostudiow.com.br\/site\/2022\/11\/22\/incendio-atinge-morro-das-comunicacoes-em-irati-e-corpo-de-bombeiros-e-acionado\/","title":{"rendered":"Inc\u00eandio atinge Morro das Comunica\u00e7\u00f5es em Irati e Corpo de Bombeiros \u00e9 acionado"},"content":{"rendered":"\n<figure class=\"wp-block-image size-full\"><img decoding=\"async\" src=\"https:\/\/radiostudiow.com.br\/site\/wp-content\/uploads\/2022\/10\/image-3.png\" alt=\"\" class=\"wp-image-9420\"\/><\/figure>\n\n\n\n<p>O Corpo de Bombeiros de Irati controlou um inc\u00eandio ocorrido na noite de domingo (20) em um terreno no Morro das Comunica\u00e7\u00f5es, local que abriga as antenas de r\u00e1dio e televis\u00e3o de Irati.<\/p>\n\n\n\n<p>Segundo informa\u00e7\u00f5es repassadas pela subcomandante do Corpo de Bombeiros, Capit\u00e3 Carla Adriana Spak Sobol, algumas pessoas estariam fazendo a limpeza de terrenos pr\u00f3ximos ap\u00f3s o corte de pinus e eucaliptos no local e teriam ateado fogo na \u00e1rea.<\/p>\n\n\n\n<p>Diante da situa\u00e7\u00e3o, o local foi isolado para que o inc\u00eandio pudesse ser controlado, n\u00e3o havendo risco para propriedades e constru\u00e7\u00f5es pr\u00f3ximas. N\u00e3o houve feridos neste incidente.<\/p>\n\n\n\n<figure class=\"wp-block-image size-full\"><img decoding=\"async\" src=\"https:\/\/radiostudiow.com.br\/site\/wp-content\/uploads\/2022\/11\/image-8.png\" alt=\"\" class=\"wp-image-9621\"\/><\/figure>\n\n\n\n<p><em>Fontes e foto: Naju\u00e1<\/em> &#8211; Irati &#8211; PR<\/p>\n","protected":false},"excerpt":{"rendered":"<p>O Corpo de Bombeiros de Irati controlou um inc\u00eandio ocorrido na noite de domingo (20) em um terreno no Morro das Comunica\u00e7\u00f5es, local que abriga as antenas de r\u00e1dio e televis\u00e3o de Irati. Segundo informa\u00e7\u00f5es repassadas pela subcomandante do Corpo de Bombeiros, Capit\u00e3 Carla Adriana Spak Sobol, algumas pessoas estariam fazendo a limpeza de terrenos [&hellip;]<\/p>\n","protected":false},"author":2,"featured_media":0,"comment_status":"open","ping_status":"open","sticky":false,"template":"","format":"standard","meta":{"footnotes":""},"categories":[2],"tags":[172],"class_list":["post-9686","post","type-post","status-publish","format-standard","hentry","category-policial","tag-featured"],"amp_enabled":true,"_links":{"self":[{"href":"https:\/\/radiostudiow.com.br\/site\/wp-json\/wp\/v2\/posts\/9686","targetHints":{"allow":["GET"]}}],"collection":[{"href":"https:\/\/radiostudiow.com.br\/site\/wp-json\/wp\/v2\/posts"}],"about":[{"href":"https:\/\/radiostudiow.com.br\/site\/wp-json\/wp\/v2\/types\/post"}],"author":[{"embeddable":true,"href":"https:\/\/radiostudiow.com.br\/site\/wp-json\/wp\/v2\/users\/2"}],"replies":[{"embeddable":true,"href":"https:\/\/radiostudiow.com.br\/site\/wp-json\/wp\/v2\/comments?post=9686"}],"version-history":[{"count":1,"href":"https:\/\/radiostudiow.com.br\/site\/wp-json\/wp\/v2\/posts\/9686\/revisions"}],"predecessor-version":[{"id":9688,"href":"https:\/\/radiostudiow.com.br\/site\/wp-json\/wp\/v2\/posts\/9686\/revisions\/9688"}],"wp:attachment":[{"href":"https:\/\/radiostudiow.com.br\/site\/wp-json\/wp\/v2\/media?parent=9686"}],"wp:term":[{"taxonomy":"category","embeddable":true,"href":"https:\/\/radiostudiow.com.br\/site\/wp-json\/wp\/v2\/categories?post=9686"},{"taxonomy":"post_tag","embeddable":true,"href":"https:\/\/radiostudiow.com.br\/site\/wp-json\/wp\/v2\/tags?post=9686"}],"curies":[{"name":"wp","href":"https:\/\/api.w.org\/{rel}","templated":true}]}}