{"id":9691,"date":"2022-11-22T17:50:39","date_gmt":"2022-11-22T20:50:39","guid":{"rendered":"https:\/\/radiostudiow.com.br\/site\/?p=9691"},"modified":"2025-01-31T15:09:48","modified_gmt":"2025-01-31T18:09:48","slug":"pm-de-general-carneiro-registra-colisao-entre-carro-e-moto","status":"publish","type":"post","link":"https:\/\/radiostudiow.com.br\/site\/2022\/11\/22\/pm-de-general-carneiro-registra-colisao-entre-carro-e-moto\/","title":{"rendered":"PM de General Carneiro registra colis\u00e3o entre carro e moto"},"content":{"rendered":"\n<p>A equipe da Pol\u00edcia Militar de General Carneiro foi acionada para atender um acidente envolvendo os ve\u00edculos Fiat Uno e uma motocicleta Honda\/CG 150 Titan.<\/p>\n\n\n\n<figure class=\"wp-block-image size-full\"><img decoding=\"async\" src=\"https:\/\/radiostudiow.com.br\/site\/wp-content\/uploads\/2022\/11\/image-7.png\" alt=\"\" class=\"wp-image-9553\"\/><\/figure>\n\n\n\n<p>No local os policiais contataram os condutores haviam sido conduzidos para o hospital pela ambul\u00e2ncia municipal. A colis\u00e3o ocorreu na Avenida Getulio Vargas, \u00e1rea central, por volta das 11:00 horas dessa segunda \u2013 feira (21).<\/p>\n\n\n\n<p>Os policiais conferiram a documenta\u00e7\u00e3o e foi constatado que o condutor do ve\u00edculo Fiat uno n\u00e3o possui CNH e que a motocicleta apresenta d\u00e9bitos de documenta\u00e7\u00e3o juntamente ao Detran de Santa Catarina.<\/p>\n\n\n\n<p>Foram confeccionados os Autos de Infra\u00e7\u00e3o Pertinentes, Boletim de Acidente de Tr\u00e2nsito (bateu) e a motocicleta recolhida ao p\u00e1tio do pelot\u00e3o policial.<\/p>\n\n\n\n<p>Diante da situa\u00e7\u00e3o as partes foram orientadas quanto aos procedimentos cab\u00edveis.<\/p>\n\n\n\n<figure class=\"wp-block-image size-full\"><img decoding=\"async\" src=\"https:\/\/radiostudiow.com.br\/site\/wp-content\/uploads\/2022\/09\/image-2.png\" alt=\"\" class=\"wp-image-8966\"\/><\/figure>\n","protected":false},"excerpt":{"rendered":"<p>A equipe da Pol\u00edcia Militar de General Carneiro foi acionada para atender um acidente envolvendo os ve\u00edculos Fiat Uno e uma motocicleta Honda\/CG 150 Titan. No local os policiais contataram os condutores haviam sido conduzidos para o hospital pela ambul\u00e2ncia municipal. A colis\u00e3o ocorreu na Avenida Getulio Vargas, \u00e1rea central, por volta das 11:00 horas [&hellip;]<\/p>\n","protected":false},"author":2,"featured_media":0,"comment_status":"open","ping_status":"open","sticky":false,"template":"","format":"standard","meta":{"footnotes":""},"categories":[2],"tags":[172],"class_list":["post-9691","post","type-post","status-publish","format-standard","hentry","category-policial","tag-featured"],"amp_enabled":true,"_links":{"self":[{"href":"https:\/\/radiostudiow.com.br\/site\/wp-json\/wp\/v2\/posts\/9691","targetHints":{"allow":["GET"]}}],"collection":[{"href":"https:\/\/radiostudiow.com.br\/site\/wp-json\/wp\/v2\/posts"}],"about":[{"href":"https:\/\/radiostudiow.com.br\/site\/wp-json\/wp\/v2\/types\/post"}],"author":[{"embeddable":true,"href":"https:\/\/radiostudiow.com.br\/site\/wp-json\/wp\/v2\/users\/2"}],"replies":[{"embeddable":true,"href":"https:\/\/radiostudiow.com.br\/site\/wp-json\/wp\/v2\/comments?post=9691"}],"version-history":[{"count":1,"href":"https:\/\/radiostudiow.com.br\/site\/wp-json\/wp\/v2\/posts\/9691\/revisions"}],"predecessor-version":[{"id":9692,"href":"https:\/\/radiostudiow.com.br\/site\/wp-json\/wp\/v2\/posts\/9691\/revisions\/9692"}],"wp:attachment":[{"href":"https:\/\/radiostudiow.com.br\/site\/wp-json\/wp\/v2\/media?parent=9691"}],"wp:term":[{"taxonomy":"category","embeddable":true,"href":"https:\/\/radiostudiow.com.br\/site\/wp-json\/wp\/v2\/categories?post=9691"},{"taxonomy":"post_tag","embeddable":true,"href":"https:\/\/radiostudiow.com.br\/site\/wp-json\/wp\/v2\/tags?post=9691"}],"curies":[{"name":"wp","href":"https:\/\/api.w.org\/{rel}","templated":true}]}}