{"id":9697,"date":"2022-11-23T10:49:06","date_gmt":"2022-11-23T13:49:06","guid":{"rendered":"https:\/\/radiostudiow.com.br\/site\/?p=9697"},"modified":"2025-01-31T15:09:48","modified_gmt":"2025-01-31T18:09:48","slug":"bombeiros-de-sao-mateus-do-sul-atende-colisao","status":"publish","type":"post","link":"https:\/\/radiostudiow.com.br\/site\/2022\/11\/23\/bombeiros-de-sao-mateus-do-sul-atende-colisao\/","title":{"rendered":"Corpo de Bombeiros de S\u00e3o Mateus do Sul atende colis\u00e3o"},"content":{"rendered":"\n<p>Uma motociclista sofreu ferimentos moderados ap\u00f3s uma batida de moto e carro por volta das 07:15 horas dessa quarta-feira (23).<\/p>\n\n\n\n<figure class=\"wp-block-image size-full\"><img decoding=\"async\" src=\"https:\/\/radiostudiow.com.br\/site\/wp-content\/uploads\/2022\/10\/image-3.png\" alt=\"\" class=\"wp-image-9420\"\/><\/figure>\n\n\n\n<p>O Corpo de Bombeiros foi acionado para se deslocar para prestar atendimento na esquina Rua Jos\u00e9 Caetano Ferreira na Vila Amaral, pr\u00f3ximo \u00e0 igreja Nossa Senhora dos Navegantes.<\/p>\n\n\n\n<p>No local a equipe de socorristas constatou que a v\u00edtima, de 33 anos, foi atendida com suspeita de fratura na clav\u00edcula, dores na regi\u00e3o do quadril e escoria\u00e7\u00f5es. Sendo encaminhada ao Pronto Atendimento Municipal para atendimento m\u00e9dico.<\/p>\n\n\n\n<p>A motorista do ve\u00edculo permaneceu no local.<\/p>\n\n\n\n<figure class=\"wp-block-image size-full\"><img decoding=\"async\" src=\"https:\/\/radiostudiow.com.br\/site\/wp-content\/uploads\/2022\/09\/image-1.png\" alt=\"\" class=\"wp-image-8965\"\/><\/figure>\n","protected":false},"excerpt":{"rendered":"<p>Uma motociclista sofreu ferimentos moderados ap\u00f3s uma batida de moto e carro por volta das 07:15 horas dessa quarta-feira (23). O Corpo de Bombeiros foi acionado para se deslocar para prestar atendimento na esquina Rua Jos\u00e9 Caetano Ferreira na Vila Amaral, pr\u00f3ximo \u00e0 igreja Nossa Senhora dos Navegantes. No local a equipe de socorristas constatou [&hellip;]<\/p>\n","protected":false},"author":2,"featured_media":9698,"comment_status":"open","ping_status":"open","sticky":false,"template":"","format":"standard","meta":{"footnotes":""},"categories":[2],"tags":[172],"class_list":["post-9697","post","type-post","status-publish","format-standard","has-post-thumbnail","hentry","category-policial","tag-featured"],"amp_enabled":true,"_links":{"self":[{"href":"https:\/\/radiostudiow.com.br\/site\/wp-json\/wp\/v2\/posts\/9697","targetHints":{"allow":["GET"]}}],"collection":[{"href":"https:\/\/radiostudiow.com.br\/site\/wp-json\/wp\/v2\/posts"}],"about":[{"href":"https:\/\/radiostudiow.com.br\/site\/wp-json\/wp\/v2\/types\/post"}],"author":[{"embeddable":true,"href":"https:\/\/radiostudiow.com.br\/site\/wp-json\/wp\/v2\/users\/2"}],"replies":[{"embeddable":true,"href":"https:\/\/radiostudiow.com.br\/site\/wp-json\/wp\/v2\/comments?post=9697"}],"version-history":[{"count":2,"href":"https:\/\/radiostudiow.com.br\/site\/wp-json\/wp\/v2\/posts\/9697\/revisions"}],"predecessor-version":[{"id":9701,"href":"https:\/\/radiostudiow.com.br\/site\/wp-json\/wp\/v2\/posts\/9697\/revisions\/9701"}],"wp:featuredmedia":[{"embeddable":true,"href":"https:\/\/radiostudiow.com.br\/site\/wp-json\/wp\/v2\/media\/9698"}],"wp:attachment":[{"href":"https:\/\/radiostudiow.com.br\/site\/wp-json\/wp\/v2\/media?parent=9697"}],"wp:term":[{"taxonomy":"category","embeddable":true,"href":"https:\/\/radiostudiow.com.br\/site\/wp-json\/wp\/v2\/categories?post=9697"},{"taxonomy":"post_tag","embeddable":true,"href":"https:\/\/radiostudiow.com.br\/site\/wp-json\/wp\/v2\/tags?post=9697"}],"curies":[{"name":"wp","href":"https:\/\/api.w.org\/{rel}","templated":true}]}}