{"id":9719,"date":"2022-11-24T13:56:05","date_gmt":"2022-11-24T16:56:05","guid":{"rendered":"https:\/\/radiostudiow.com.br\/site\/?p=9719"},"modified":"2025-01-31T15:09:48","modified_gmt":"2025-01-31T18:09:48","slug":"homem-e-atingido-por-disparos-de-arma-de-fogo-em-imbituva","status":"publish","type":"post","link":"https:\/\/radiostudiow.com.br\/site\/2022\/11\/24\/homem-e-atingido-por-disparos-de-arma-de-fogo-em-imbituva\/","title":{"rendered":"Homem \u00e9 atingido por disparos de arma de fogo em Imbituva"},"content":{"rendered":"\n<p>Um homem foi atingido com um disparo de arma de fogo  em frente a uma oficina de Imbituva na noite dessa quarta &#8211; feira (23).<\/p>\n\n\n\n<figure class=\"wp-block-image size-full\"><img decoding=\"async\" src=\"https:\/\/radiostudiow.com.br\/site\/wp-content\/uploads\/2022\/11\/image-10.png\" alt=\"\" class=\"wp-image-9640\"\/><\/figure>\n\n\n\n<p>O filho da v\u00edtima testemunhou o fato e informou aos policiais militares que o agressor chegou ao local e atirou contra o pai dele, que foi socorrido imediatamente e permanece internado. O estado de sa\u00fade dele \u00e9 est\u00e1vel, segundo a PM. No loca, foi encontrado um coldre de couro.<\/p>\n\n\n\n<p>Um menor de idade foi identificado e abordado logo em seguida pelos policiais. Ele foi reconhecido pela testemunha como autor dos tiros, foi apreendido e encaminhado juntamente com seu tio. O rapaz negou a autoria dos fatos. Mesmo assim, ambos foram levados para a Delegacia.<\/p>\n\n\n\n<figure class=\"wp-block-image size-full\"><img decoding=\"async\" src=\"https:\/\/radiostudiow.com.br\/site\/wp-content\/uploads\/2022\/09\/image-2.png\" alt=\"\" class=\"wp-image-8966\"\/><\/figure>\n","protected":false},"excerpt":{"rendered":"<p>Um homem foi atingido com um disparo de arma de fogo em frente a uma oficina de Imbituva na noite dessa quarta &#8211; feira (23). O filho da v\u00edtima testemunhou o fato e informou aos policiais militares que o agressor chegou ao local e atirou contra o pai dele, que foi socorrido imediatamente e permanece [&hellip;]<\/p>\n","protected":false},"author":2,"featured_media":7607,"comment_status":"open","ping_status":"open","sticky":false,"template":"","format":"standard","meta":{"footnotes":""},"categories":[2],"tags":[172],"class_list":["post-9719","post","type-post","status-publish","format-standard","has-post-thumbnail","hentry","category-policial","tag-featured"],"amp_enabled":true,"_links":{"self":[{"href":"https:\/\/radiostudiow.com.br\/site\/wp-json\/wp\/v2\/posts\/9719","targetHints":{"allow":["GET"]}}],"collection":[{"href":"https:\/\/radiostudiow.com.br\/site\/wp-json\/wp\/v2\/posts"}],"about":[{"href":"https:\/\/radiostudiow.com.br\/site\/wp-json\/wp\/v2\/types\/post"}],"author":[{"embeddable":true,"href":"https:\/\/radiostudiow.com.br\/site\/wp-json\/wp\/v2\/users\/2"}],"replies":[{"embeddable":true,"href":"https:\/\/radiostudiow.com.br\/site\/wp-json\/wp\/v2\/comments?post=9719"}],"version-history":[{"count":1,"href":"https:\/\/radiostudiow.com.br\/site\/wp-json\/wp\/v2\/posts\/9719\/revisions"}],"predecessor-version":[{"id":9720,"href":"https:\/\/radiostudiow.com.br\/site\/wp-json\/wp\/v2\/posts\/9719\/revisions\/9720"}],"wp:featuredmedia":[{"embeddable":true,"href":"https:\/\/radiostudiow.com.br\/site\/wp-json\/wp\/v2\/media\/7607"}],"wp:attachment":[{"href":"https:\/\/radiostudiow.com.br\/site\/wp-json\/wp\/v2\/media?parent=9719"}],"wp:term":[{"taxonomy":"category","embeddable":true,"href":"https:\/\/radiostudiow.com.br\/site\/wp-json\/wp\/v2\/categories?post=9719"},{"taxonomy":"post_tag","embeddable":true,"href":"https:\/\/radiostudiow.com.br\/site\/wp-json\/wp\/v2\/tags?post=9719"}],"curies":[{"name":"wp","href":"https:\/\/api.w.org\/{rel}","templated":true}]}}