{"id":9721,"date":"2022-11-24T14:02:19","date_gmt":"2022-11-24T17:02:19","guid":{"rendered":"https:\/\/radiostudiow.com.br\/site\/?p=9721"},"modified":"2025-01-31T15:09:48","modified_gmt":"2025-01-31T18:09:48","slug":"cemiterio-em-irati-e-alvo-de-roubos-e-vandalismo","status":"publish","type":"post","link":"https:\/\/radiostudiow.com.br\/site\/2022\/11\/24\/cemiterio-em-irati-e-alvo-de-roubos-e-vandalismo\/","title":{"rendered":"Cemit\u00e9rio em Irati \u00e9 alvo de roubos e vandalismo"},"content":{"rendered":"\n<p>O cemit\u00e9rio da Vila S\u00e3o Jo\u00e3o, em Irati, est\u00e1 sendo mais uma vez alvo de vandalismos e roubos. Materiais para sepultamentos, viola\u00e7\u00e3o de capelas e at\u00e9 o roubo de port\u00e3o foram registrados no local.<\/p>\n\n\n\n<figure class=\"wp-block-image size-full\"><img decoding=\"async\" src=\"https:\/\/radiostudiow.com.br\/site\/wp-content\/uploads\/2022\/11\/image-7.png\" alt=\"\" class=\"wp-image-9553\"\/><\/figure>\n\n\n\n<p>A sepultadora do cemit\u00e9rio da Vila S\u00e3o Jo\u00e3o, Rosa Boguchevski, comenta que os materiais para os sepultamentos tem sido alvo de roubos frequentemente. <em>\u201cEm dois meses foi roubado sete vezes os materiais l\u00e1 do meu esposo, Pedro Covalski. N\u00f3s n\u00e3o sabemos o que fazer. Eu sou sepultadora, cansou de me chegar na vila para fazer um sepultamento, n\u00e3o ter carrinho, n\u00e3o ter cimento, porque eles quebram tudo. Abrem o Cruzeiro e levam tudo o que eles encontram pela frente\u201d,<\/em> conta.<\/p>\n\n\n\n<p>Os roubos atingem os mausol\u00e9us e as capelas que s\u00e3o vandalizadas. <em>\u201cQuem tem capelas l\u00e1, as pessoas gastam um monte, elas querem deixar tudo bonito para fazer uma homenagem para os entes queridos falecidos. Gastam bastante, tiram muitas vezes at\u00e9 de um gasto que poderia fazer em casa, para arrumar l\u00e1. Para eles fazerem os roubos deles, para tirar o que est\u00e1 l\u00e1 dentro, eles n\u00e3o est\u00e3o nem a\u00ed se eles est\u00e3o quebrando um vidro que a fam\u00edlia pagou R$ 500, R$ 600, para eles poder tirar o material que eles precisam para vender\u201d,<\/em> explica.<\/p>\n\n\n\n<figure class=\"wp-block-image size-full\"><img decoding=\"async\" src=\"https:\/\/radiostudiow.com.br\/site\/wp-content\/uploads\/2022\/07\/image.png\" alt=\"\" class=\"wp-image-8317\"\/><\/figure>\n\n\n\n<p>Ela conta que representantes da Prefeitura de Irati j\u00e1 estiveram no local e constataram a situa\u00e7\u00e3o do cemit\u00e9rio. No entanto, n\u00e3o foi realizada uma medida para solucionar os problemas de roubo no local.<br>Rosa destaca que \u00e9 preciso uma solu\u00e7\u00e3o mais eficaz que auxilie na diminui\u00e7\u00e3o de roubos. <em>\u201cOs muros de l\u00e1 s\u00e3o muito baixos, muito port\u00e3o. N\u00e3o \u00e9 necess\u00e1rio tanto port\u00e3o e os port\u00f5es ficam abertos. Ent\u00e3o, as pessoas entram l\u00e1 para aprontar. Infelizmente, os preju\u00edzos que o meu esposo est\u00e1 tendo s\u00e3o muito grandes. Em dois meses foram cinco carrinho roubados\u201d,<\/em> disse.<\/p>\n\n\n\n<p>A Prefeitura de Irati chegou a ter um local espec\u00edfico para guardar os materiais no cemit\u00e9rio, mas ele tamb\u00e9m foi roubado. <em>\u201cFoi at\u00e9 colocado num lugar espec\u00edfico da Prefeitura e h\u00e1 duas semanas foi roubado esse lugar. Eles quebraram do lado da porta, para arrebentar a porta e foram levadas coisas l\u00e1 de dentro, de onde fica o dep\u00f3sito da prefeitura mesmo\u201d, <\/em>conta.<\/p>\n\n\n\n<p>Para a sepultadora, uma solu\u00e7\u00e3o eficaz seriam muros maiores e c\u00e2meras de vigil\u00e2ncia. <em>\u201cSe eles erguerem um pouco o muro, colocar a c\u00e2mera, fechar os port\u00f5es desnecess\u00e1rios l\u00e1 embaixo, n\u00e3o vai ter tanta circula\u00e7\u00e3o de pessoas\u201d<\/em>, disse.<\/p>\n\n\n\n<p>Ela ainda pede colabora\u00e7\u00e3o da popula\u00e7\u00e3o caso veja algo suspeito. \u201c<em>At\u00e9 os moradores, se ver uma movimenta\u00e7\u00e3o estranha, puder filmar, de repente, encaminhar para a Guarda Municipal\u201d<\/em>, conta.<\/p>\n\n\n\n<figure class=\"wp-block-image size-full\"><img decoding=\"async\" src=\"https:\/\/radiostudiow.com.br\/site\/wp-content\/uploads\/2022\/10\/image-1.png\" alt=\"\" class=\"wp-image-9418\"\/><\/figure>\n\n\n\n<figure class=\"wp-block-gallery has-nested-images columns-default is-cropped wp-block-gallery-1 is-layout-flex wp-block-gallery-is-layout-flex\">\n<figure class=\"wp-block-image size-large\"><img decoding=\"async\" data-id=\"9724\" src=\"https:\/\/radiostudiow.com.br\/site\/wp-content\/uploads\/2022\/11\/NAJUA-CEMITERIO-VILA-SAO-JOAO-01-1024x498-1.jpeg\" alt=\"\" class=\"wp-image-9724\"\/><figcaption class=\"wp-element-caption\"><strong>Fotos: Paulo Henrique Sava<\/strong><\/figcaption><\/figure>\n\n\n\n<figure class=\"wp-block-image size-large\"><img decoding=\"async\" data-id=\"9723\" src=\"https:\/\/radiostudiow.com.br\/site\/wp-content\/uploads\/2022\/11\/NAJUA-CEMITERIO-VILA-SAO-JOAO-04-1024x630-1.jpeg\" alt=\"\" class=\"wp-image-9723\"\/><figcaption class=\"wp-element-caption\"><strong>Fotos: Paulo Henrique Sava<\/strong><\/figcaption><\/figure>\n\n\n\n<figure class=\"wp-block-image size-large\"><img decoding=\"async\" data-id=\"9725\" src=\"https:\/\/radiostudiow.com.br\/site\/wp-content\/uploads\/2022\/11\/NAJUA-CEMITERIO-VILA-SAO-JOAO-05-1024x498-1.jpeg\" alt=\"\" class=\"wp-image-9725\"\/><figcaption class=\"wp-element-caption\"><strong>Fotos: Paulo Henrique Sava<\/strong><\/figcaption><\/figure>\n<\/figure>\n","protected":false},"excerpt":{"rendered":"<p>O cemit\u00e9rio da Vila S\u00e3o Jo\u00e3o, em Irati, est\u00e1 sendo mais uma vez alvo de vandalismos e roubos. Materiais para sepultamentos, viola\u00e7\u00e3o de capelas e at\u00e9 o roubo de port\u00e3o foram registrados no local. A sepultadora do cemit\u00e9rio da Vila S\u00e3o Jo\u00e3o, Rosa Boguchevski, comenta que os materiais para os sepultamentos tem sido alvo de [&hellip;]<\/p>\n","protected":false},"author":2,"featured_media":0,"comment_status":"open","ping_status":"open","sticky":false,"template":"","format":"standard","meta":{"footnotes":""},"categories":[2],"tags":[172],"class_list":["post-9721","post","type-post","status-publish","format-standard","hentry","category-policial","tag-featured"],"amp_enabled":true,"_links":{"self":[{"href":"https:\/\/radiostudiow.com.br\/site\/wp-json\/wp\/v2\/posts\/9721","targetHints":{"allow":["GET"]}}],"collection":[{"href":"https:\/\/radiostudiow.com.br\/site\/wp-json\/wp\/v2\/posts"}],"about":[{"href":"https:\/\/radiostudiow.com.br\/site\/wp-json\/wp\/v2\/types\/post"}],"author":[{"embeddable":true,"href":"https:\/\/radiostudiow.com.br\/site\/wp-json\/wp\/v2\/users\/2"}],"replies":[{"embeddable":true,"href":"https:\/\/radiostudiow.com.br\/site\/wp-json\/wp\/v2\/comments?post=9721"}],"version-history":[{"count":1,"href":"https:\/\/radiostudiow.com.br\/site\/wp-json\/wp\/v2\/posts\/9721\/revisions"}],"predecessor-version":[{"id":9726,"href":"https:\/\/radiostudiow.com.br\/site\/wp-json\/wp\/v2\/posts\/9721\/revisions\/9726"}],"wp:attachment":[{"href":"https:\/\/radiostudiow.com.br\/site\/wp-json\/wp\/v2\/media?parent=9721"}],"wp:term":[{"taxonomy":"category","embeddable":true,"href":"https:\/\/radiostudiow.com.br\/site\/wp-json\/wp\/v2\/categories?post=9721"},{"taxonomy":"post_tag","embeddable":true,"href":"https:\/\/radiostudiow.com.br\/site\/wp-json\/wp\/v2\/tags?post=9721"}],"curies":[{"name":"wp","href":"https:\/\/api.w.org\/{rel}","templated":true}]}}