{"id":9728,"date":"2022-11-25T10:36:34","date_gmt":"2022-11-25T13:36:34","guid":{"rendered":"https:\/\/radiostudiow.com.br\/site\/?p=9728"},"modified":"2025-01-31T15:09:48","modified_gmt":"2025-01-31T18:09:48","slug":"incendio-com-indicios-criminosos-e-registrado-pelos-corpo-de-bombeiros-e-pm-de-sao-mateus-do-sul","status":"publish","type":"post","link":"https:\/\/radiostudiow.com.br\/site\/2022\/11\/25\/incendio-com-indicios-criminosos-e-registrado-pelos-corpo-de-bombeiros-e-pm-de-sao-mateus-do-sul\/","title":{"rendered":"Inc\u00eandio com ind\u00edcios criminosos \u00e9 registrado pelos Corpo de Bombeiros e PM de S\u00e3o Mateus do Sul"},"content":{"rendered":"\n<p>O&nbsp;Corpo de Bombeiros&nbsp;de S\u00e3o Mateus do Sul e a&nbsp;Pol\u00edcia Militar&nbsp;registraram no fim da manh\u00e3 de quinta-feira (24),&nbsp;um inc\u00eandio com suspeita de ser criminoso&nbsp;na localidade da&nbsp;Tesoura, interior do munic\u00edpio.<\/p>\n\n\n\n<figure class=\"wp-block-image size-full\"><img decoding=\"async\" src=\"https:\/\/radiostudiow.com.br\/site\/wp-content\/uploads\/2022\/11\/image-8.png\" alt=\"\" class=\"wp-image-9621\"\/><\/figure>\n\n\n\n<p>Em contato com a v\u00edtima, ela relatou que mora no local de aluguel e que mudou-se faz poucos dias. Na quinta-feira eles sa\u00edram para trabalhar e quando retornaram encontraram a casa em chamas.<\/p>\n\n\n\n<p>O inc\u00eandio se deu na cama e no sof\u00e1 da casa, com ind\u00edcios de que algu\u00e9m cometeu o ato.&nbsp;Um litro de \u00e1lcool foi encontrado ca\u00eddo na grama&nbsp;e tamb\u00e9m houve o registro de uma&nbsp;janela quebrada&nbsp;(<em>imagens abaixo<\/em>).<\/p>\n\n\n\n<p>Os bombeiros verificaram dois focos de inc\u00eandio que n\u00e3o tinham liga\u00e7\u00e3o entre si, sendo o primeiro na sala, o qual consumiu um sof\u00e1, parte de uma estante e televisor, e outro em c\u00f4modo separado, sendo no quarto, o qual consumiu por completo uma cama de casal.<\/p>\n\n\n\n<p>A Pol\u00edcia Civil foi chamada para acompanhar e investigar o caso.<\/p>\n\n\n\n<figure class=\"wp-block-image size-full\"><img decoding=\"async\" src=\"https:\/\/radiostudiow.com.br\/site\/wp-content\/uploads\/2022\/11\/image-10.png\" alt=\"\" class=\"wp-image-9640\"\/><\/figure>\n\n\n\n<figure class=\"wp-block-gallery has-nested-images columns-default is-cropped wp-block-gallery-1 is-layout-flex wp-block-gallery-is-layout-flex\">\n<figure class=\"wp-block-image size-large\"><img decoding=\"async\" data-id=\"9735\" src=\"https:\/\/radiostudiow.com.br\/site\/wp-content\/uploads\/2022\/11\/313256927_415350920799059_8913878906096753458_n-2.jpg\" alt=\"\" class=\"wp-image-9735\"\/><\/figure>\n\n\n\n<figure class=\"wp-block-image size-large\"><img decoding=\"async\" data-id=\"9736\" src=\"https:\/\/radiostudiow.com.br\/site\/wp-content\/uploads\/2022\/11\/316280906_5762890873769470_6264299506716093201_n-1.jpg\" alt=\"\" class=\"wp-image-9736\"\/><\/figure>\n\n\n\n<figure class=\"wp-block-image size-large\"><img decoding=\"async\" data-id=\"9732\" src=\"https:\/\/radiostudiow.com.br\/site\/wp-content\/uploads\/2022\/11\/316280906_5762890873769470_6264299506716093201_n.jpg\" alt=\"\" class=\"wp-image-9732\"\/><\/figure>\n<\/figure>\n","protected":false},"excerpt":{"rendered":"<p>O&nbsp;Corpo de Bombeiros&nbsp;de S\u00e3o Mateus do Sul e a&nbsp;Pol\u00edcia Militar&nbsp;registraram no fim da manh\u00e3 de quinta-feira (24),&nbsp;um inc\u00eandio com suspeita de ser criminoso&nbsp;na localidade da&nbsp;Tesoura, interior do munic\u00edpio. Em contato com a v\u00edtima, ela relatou que mora no local de aluguel e que mudou-se faz poucos dias. Na quinta-feira eles sa\u00edram para trabalhar e quando [&hellip;]<\/p>\n","protected":false},"author":2,"featured_media":0,"comment_status":"open","ping_status":"open","sticky":false,"template":"","format":"standard","meta":{"footnotes":""},"categories":[2],"tags":[172],"class_list":["post-9728","post","type-post","status-publish","format-standard","hentry","category-policial","tag-featured"],"amp_enabled":true,"_links":{"self":[{"href":"https:\/\/radiostudiow.com.br\/site\/wp-json\/wp\/v2\/posts\/9728","targetHints":{"allow":["GET"]}}],"collection":[{"href":"https:\/\/radiostudiow.com.br\/site\/wp-json\/wp\/v2\/posts"}],"about":[{"href":"https:\/\/radiostudiow.com.br\/site\/wp-json\/wp\/v2\/types\/post"}],"author":[{"embeddable":true,"href":"https:\/\/radiostudiow.com.br\/site\/wp-json\/wp\/v2\/users\/2"}],"replies":[{"embeddable":true,"href":"https:\/\/radiostudiow.com.br\/site\/wp-json\/wp\/v2\/comments?post=9728"}],"version-history":[{"count":2,"href":"https:\/\/radiostudiow.com.br\/site\/wp-json\/wp\/v2\/posts\/9728\/revisions"}],"predecessor-version":[{"id":9737,"href":"https:\/\/radiostudiow.com.br\/site\/wp-json\/wp\/v2\/posts\/9728\/revisions\/9737"}],"wp:attachment":[{"href":"https:\/\/radiostudiow.com.br\/site\/wp-json\/wp\/v2\/media?parent=9728"}],"wp:term":[{"taxonomy":"category","embeddable":true,"href":"https:\/\/radiostudiow.com.br\/site\/wp-json\/wp\/v2\/categories?post=9728"},{"taxonomy":"post_tag","embeddable":true,"href":"https:\/\/radiostudiow.com.br\/site\/wp-json\/wp\/v2\/tags?post=9728"}],"curies":[{"name":"wp","href":"https:\/\/api.w.org\/{rel}","templated":true}]}}