{"id":9738,"date":"2022-11-25T10:54:36","date_gmt":"2022-11-25T13:54:36","guid":{"rendered":"https:\/\/radiostudiow.com.br\/site\/?p=9738"},"modified":"2025-01-31T15:09:48","modified_gmt":"2025-01-31T18:09:48","slug":"pm-registra-ocorrencia-de-lesao-corporal-em-pronto-atendimento-de-sao-mateus-do-sul","status":"publish","type":"post","link":"https:\/\/radiostudiow.com.br\/site\/2022\/11\/25\/pm-registra-ocorrencia-de-lesao-corporal-em-pronto-atendimento-de-sao-mateus-do-sul\/","title":{"rendered":"PM registra ocorr\u00eancia de les\u00e3o corporal em Pronto Atendimento de S\u00e3o Mateus do Sul"},"content":{"rendered":"\n<p>A Pol\u00edcia Militar foi acionada no in\u00edcio da madrugada dessa sexta-feira (25), pela recepcionista da unidade Pronto Atendimento de S\u00e3o Mateus do Sul relatando que um indiv\u00edduo havia dado entrada no local vitima de les\u00e3o corporal.<\/p>\n\n\n\n<figure class=\"wp-block-image size-full\"><img decoding=\"async\" src=\"https:\/\/radiostudiow.com.br\/site\/wp-content\/uploads\/2022\/10\/image-3.png\" alt=\"\" class=\"wp-image-9420\"\/><\/figure>\n\n\n\n<p>A v\u00edtima apresentava m\u00faltiplos hematomas e cortes por todo o corpo, sendo um deles mais grave em uma das coxas com aproximadamente 20 cm de comprimento. Ele informou aos policiais que o autor das agress\u00f5es seria morador de rua.<\/p>\n\n\n\n<p>Diante dos fatos a equipe deslocou-se at\u00e9 o local das agress\u00f5es no intuito de localizar o autor, por\u00e9m n\u00e3o obteve \u00eaxito at\u00e9 a lavratura do boletim de ocorr\u00eancia. A motiva\u00e7\u00e3o das agress\u00f5es n\u00e3o foi revelada.<\/p>\n\n\n\n<p><a href=\"https:\/\/portalrdx.com.br\/#facebook\" rel=\"noreferrer noopener\" target=\"_blank\">Facebook<\/a><a href=\"https:\/\/portalrdx.com.br\/#whatsapp\" rel=\"noreferrer noopener\" target=\"_blank\">WhatsApp<\/a><a href=\"https:\/\/portalrdx.com.br\/#telegram\" rel=\"noreferrer noopener\" target=\"_blank\">Telegram<\/a><a href=\"https:\/\/portalrdx.com.br\/#twitter\" rel=\"noreferrer noopener\" target=\"_blank\">Twitter<\/a><a href=\"https:\/\/portalrdx.com.br\/#email\" rel=\"noreferrer noopener\" target=\"_blank\">Email<\/a><a href=\"https:\/\/portalrdx.com.br\/#copy_link\" rel=\"noreferrer noopener\" target=\"_blank\">Copy Link<\/a><a href=\"https:\/\/www.addtoany.com\/share#url=https%3A%2F%2Fportalrdx.com.br%2F25%2F11%2F2022%2Fpm-e-acionada-no-pronto-atendimento-para-ocorrencia-de-lesao-corporal%2F&amp;title=PM%20%C3%A9%20acionada%20no%20Pronto%20Atendimento%20para%20ocorr%C3%AAncia%20de%20les%C3%A3o%20corporal\"><\/a><\/p>\n\n\n\n<figure class=\"wp-block-image size-full\"><img decoding=\"async\" src=\"https:\/\/radiostudiow.com.br\/site\/wp-content\/uploads\/2022\/10\/image-2.png\" alt=\"\" class=\"wp-image-9419\"\/><\/figure>\n","protected":false},"excerpt":{"rendered":"<p>A Pol\u00edcia Militar foi acionada no in\u00edcio da madrugada dessa sexta-feira (25), pela recepcionista da unidade Pronto Atendimento de S\u00e3o Mateus do Sul relatando que um indiv\u00edduo havia dado entrada no local vitima de les\u00e3o corporal. A v\u00edtima apresentava m\u00faltiplos hematomas e cortes por todo o corpo, sendo um deles mais grave em uma das [&hellip;]<\/p>\n","protected":false},"author":2,"featured_media":0,"comment_status":"open","ping_status":"open","sticky":false,"template":"","format":"standard","meta":{"footnotes":""},"categories":[2],"tags":[172],"class_list":["post-9738","post","type-post","status-publish","format-standard","hentry","category-policial","tag-featured"],"amp_enabled":true,"_links":{"self":[{"href":"https:\/\/radiostudiow.com.br\/site\/wp-json\/wp\/v2\/posts\/9738","targetHints":{"allow":["GET"]}}],"collection":[{"href":"https:\/\/radiostudiow.com.br\/site\/wp-json\/wp\/v2\/posts"}],"about":[{"href":"https:\/\/radiostudiow.com.br\/site\/wp-json\/wp\/v2\/types\/post"}],"author":[{"embeddable":true,"href":"https:\/\/radiostudiow.com.br\/site\/wp-json\/wp\/v2\/users\/2"}],"replies":[{"embeddable":true,"href":"https:\/\/radiostudiow.com.br\/site\/wp-json\/wp\/v2\/comments?post=9738"}],"version-history":[{"count":1,"href":"https:\/\/radiostudiow.com.br\/site\/wp-json\/wp\/v2\/posts\/9738\/revisions"}],"predecessor-version":[{"id":9739,"href":"https:\/\/radiostudiow.com.br\/site\/wp-json\/wp\/v2\/posts\/9738\/revisions\/9739"}],"wp:attachment":[{"href":"https:\/\/radiostudiow.com.br\/site\/wp-json\/wp\/v2\/media?parent=9738"}],"wp:term":[{"taxonomy":"category","embeddable":true,"href":"https:\/\/radiostudiow.com.br\/site\/wp-json\/wp\/v2\/categories?post=9738"},{"taxonomy":"post_tag","embeddable":true,"href":"https:\/\/radiostudiow.com.br\/site\/wp-json\/wp\/v2\/tags?post=9738"}],"curies":[{"name":"wp","href":"https:\/\/api.w.org\/{rel}","templated":true}]}}