{"id":9766,"date":"2022-11-26T12:52:48","date_gmt":"2022-11-26T15:52:48","guid":{"rendered":"https:\/\/radiostudiow.com.br\/site\/?p=9766"},"modified":"2025-01-31T15:09:48","modified_gmt":"2025-01-31T18:09:48","slug":"pm-de-sao-mateus-do-sul-e-acionada-apos-homem-descumprimento-de-medida-protetiva","status":"publish","type":"post","link":"https:\/\/radiostudiow.com.br\/site\/2022\/11\/26\/pm-de-sao-mateus-do-sul-e-acionada-apos-homem-descumprimento-de-medida-protetiva\/","title":{"rendered":"PM de S\u00e3o Mateus do Sul \u00e9 acionada ap\u00f3s homem Descumprimento de Medida Protetiva"},"content":{"rendered":"\n<p>Pol\u00edcia Militar foi acionada ap\u00f3s homem descumprir de medida protetiva por volta das 15:45 horas dessa sexta-feira, 25 de novembro, na Vila Amaral em S\u00e3o Mateus do Sul.<\/p>\n\n\n\n<figure class=\"wp-block-image size-full\"><img decoding=\"async\" src=\"https:\/\/radiostudiow.com.br\/site\/wp-content\/uploads\/2022\/09\/image-2.png\" alt=\"\" class=\"wp-image-8966\"\/><\/figure>\n\n\n\n<p>No local os policiais entraram em contato com a solicitante, a qual relatou que possui medida protetiva em desfavor de seu ex-convivente e que ele estava na resid\u00eancia. &nbsp;Com a chegada da equipe o mesmo se evadiu em meio ao matagal.<\/p>\n\n\n\n<p>\u00a0Diante da situa\u00e7\u00e3o a equipe realizou buscas pelas proximidades, por\u00e9m, o suspeito n\u00e3o foi localizado. A v\u00edtima foi orientada quanto aos procedimentos cab\u00edveis.<\/p>\n\n\n\n<figure class=\"wp-block-image size-full\"><img decoding=\"async\" src=\"https:\/\/radiostudiow.com.br\/site\/wp-content\/uploads\/2022\/10\/image-4.png\" alt=\"\" class=\"wp-image-9421\"\/><\/figure>\n","protected":false},"excerpt":{"rendered":"<p>Pol\u00edcia Militar foi acionada ap\u00f3s homem descumprir de medida protetiva por volta das 15:45 horas dessa sexta-feira, 25 de novembro, na Vila Amaral em S\u00e3o Mateus do Sul. No local os policiais entraram em contato com a solicitante, a qual relatou que possui medida protetiva em desfavor de seu ex-convivente e que ele estava na [&hellip;]<\/p>\n","protected":false},"author":2,"featured_media":7607,"comment_status":"open","ping_status":"open","sticky":false,"template":"","format":"standard","meta":{"footnotes":""},"categories":[2],"tags":[172],"class_list":["post-9766","post","type-post","status-publish","format-standard","has-post-thumbnail","hentry","category-policial","tag-featured"],"amp_enabled":true,"_links":{"self":[{"href":"https:\/\/radiostudiow.com.br\/site\/wp-json\/wp\/v2\/posts\/9766","targetHints":{"allow":["GET"]}}],"collection":[{"href":"https:\/\/radiostudiow.com.br\/site\/wp-json\/wp\/v2\/posts"}],"about":[{"href":"https:\/\/radiostudiow.com.br\/site\/wp-json\/wp\/v2\/types\/post"}],"author":[{"embeddable":true,"href":"https:\/\/radiostudiow.com.br\/site\/wp-json\/wp\/v2\/users\/2"}],"replies":[{"embeddable":true,"href":"https:\/\/radiostudiow.com.br\/site\/wp-json\/wp\/v2\/comments?post=9766"}],"version-history":[{"count":2,"href":"https:\/\/radiostudiow.com.br\/site\/wp-json\/wp\/v2\/posts\/9766\/revisions"}],"predecessor-version":[{"id":9776,"href":"https:\/\/radiostudiow.com.br\/site\/wp-json\/wp\/v2\/posts\/9766\/revisions\/9776"}],"wp:featuredmedia":[{"embeddable":true,"href":"https:\/\/radiostudiow.com.br\/site\/wp-json\/wp\/v2\/media\/7607"}],"wp:attachment":[{"href":"https:\/\/radiostudiow.com.br\/site\/wp-json\/wp\/v2\/media?parent=9766"}],"wp:term":[{"taxonomy":"category","embeddable":true,"href":"https:\/\/radiostudiow.com.br\/site\/wp-json\/wp\/v2\/categories?post=9766"},{"taxonomy":"post_tag","embeddable":true,"href":"https:\/\/radiostudiow.com.br\/site\/wp-json\/wp\/v2\/tags?post=9766"}],"curies":[{"name":"wp","href":"https:\/\/api.w.org\/{rel}","templated":true}]}}